{"id":1885,"date":"2020-10-27T12:19:00","date_gmt":"2020-10-27T10:19:00","guid":{"rendered":"https:\/\/mestro.com\/?p=684"},"modified":"2023-03-31T09:32:11","modified_gmt":"2023-03-31T07:32:11","slug":"flygen-minskar-trendiga-vralak-okar","status":"publish","type":"post","link":"https:\/\/old.mestro.com\/sv\/artiklar\/flygen-minskar-trendiga-vralak-okar\/","title":{"rendered":"Flygen minskar, men trendiga vr\u00e5l\u00e5k \u00f6kar &#8211; Mestro tar tempen p\u00e5 v\u00e5rt resande"},"content":{"rendered":"\n<p><em>Mestro Trends \u00e4r ett avsnitt av The Mestropolitan d\u00e4r vi kikar bortom v\u00e5r egen sf\u00e4r f\u00f6r att f\u00e5 nya perspektiv p\u00e5 hur vi kan spara \u00e4nnu mer pengar och energi. Medarbetare p\u00e5 Mestro delar sina tankar och spaningar om vad som sker i v\u00e5r bransch och andra &#8211; och du \u00e4r varmt v\u00e4lkommen att ta del av dem.<\/em><\/p>\n\n\n\n<p>I och med pandemin blir fr\u00e5gan om hur vi r\u00f6r oss lokalt \u00e4n mer aktuell. <a href=\"https:\/\/www.swedavia.se\/globalassets\/statistik\/swedavia_202009.pdf\">I september redovisar Swedavia en minskning p\u00e5 72%<\/a> av antal passagerare som rest fr\u00e5n deras flygplatser mellan januari-september, j\u00e4mf\u00f6rt med 2019. Liksom m\u00e5nga andra delar av v\u00e5r vardag s\u00e5 har pandemin ocks\u00e5 p\u00e5verkat v\u00e5ra resvanor, d\u00e5 de som tidigare spenderat flera timmar i veckan p\u00e5 ett flyg i luften nu r\u00f6r sig mer lokalt. Kanske \u00e4r det dags att rikta v\u00e5r uppm\u00e4rksamhet mot just de kortv\u00e4ga resorna, som \u00e4r en majoritet av de resor vi genomf\u00f6r, och vilken milj\u00f6p\u00e5verkan dessa har.<\/p>\n\n\n\n<p>Av r\u00e4dsla, eller bekv\u00e4mlighet, \u00e4r det m\u00e5nga som undviker att resa med publika transportmedel som t\u00e5g, buss och tunnelbana och ist\u00e4llet r\u00f6rt sig med bil sen pandemins int\u00e5gande. Samtidigt rapporterar European Environment Agency om att den tidigare trenden om att nya bilar skulle producera mindre koldioxidutsl\u00e4pp v\u00e4nder &#8211; och tyv\u00e4rr \u00f6kar. <a href=\"https:\/\/www.eea.europa.eu\/highlights\/average-co2-emissions-from-new-cars-vans-2019\">I klartext inneb\u00e4r det att den genomsnittliga bilen idag sl\u00e4pper ut 130g CO2\/km, vilket \u00e4r 35g mer mer \u00e4n m\u00e5len som satts av EU. <\/a>I samma studie framg\u00e5r det ocks\u00e5 att intresset f\u00f6r att k\u00f6ra en SUV i storst\u00e4derna v\u00e4xer, vilket \u00e4r en negativ trend f\u00f6r klimatet d\u00e5 dessa sl\u00e4pper ut 13g CO2 mer \u00e4n andra nytillverkade bilar per kilometer. F\u00f6r trots att andelen laddbara fordon \u00f6kar s\u00e5 \u00f6kar fortfarande utsl\u00e4ppen, vilket delvis f\u00f6rklaras av \u201cSUV-trenden\u201d och att laddhybrider ofta k\u00f6rs relativt lite p\u00e5 el. Internationella Energimyndigheten har identifierat <a href=\"https:\/\/sverigesradio.se\/avsnitt\/1554108\">SUV:ar som den enskilt n\u00e4st st\u00f6rsta orsaken till de \u00f6kande globala utsl\u00e4ppen av v\u00e4xthusgaser<\/a> och Frankrikes finansminister vill inf\u00f6ra <a href=\"https:\/\/sverigesradio.se\/avsnitt\/1554108\">varningstexter om biltypens milj\u00f6p\u00e5verkan i reklamen<\/a>.<\/p>\n\n\n\n<p>Som f\u00f6retagare eller organisationsledare finns h\u00e4r flera l\u00e4tta vinster att plocka i form av minskat klimatavtryck, men ocks\u00e5 minskade kostnader. Ut\u00f6ver att se till att f\u00f6retaget v\u00e4ljer de mest klimatv\u00e4nliga fordonen finns flera intressanta l\u00f6sningar f\u00f6r stadsmobilitet. F\u00f6r n\u00e4r det kommer till elektrifierade transporter i st\u00e4der har det h\u00e4nt mycket den senaste tiden &#8211; ta till exempel den eldrivna taxitj\u00e4nsten <a href=\"https:\/\/www.bzzt.se\/\">Bzzt som finns etablerade i Stockholm och G\u00f6teborg och erbjuder resor med metertaxa<\/a>. Eller g\u00e4nget bakom de elektriska sparkcyklarna VOI som i somras lanserade <a href=\"https:\/\/www.voiscooters.com\/sv\/for-foretag\/\">m\u00f6jligheten att skapa f\u00f6retagsavtal i deras app.&nbsp;<\/a><\/p>\n\n\n\n<p>Vill du ta mer kontroll \u00f6ver era transporter? Nu har vi \u00e4ntligen lanserat en modul i Mestro Portal d\u00e4r du kan logga och f\u00f6lja upp era resor. Nu \u00e4r det helt enkelt \u00e4nnu l\u00e4ttare att ta ett helhetsgrepp om ert klimatavtryck! <a href=\"https:\/\/mestro.com\/sv\/mestro-lanserar-transporter\">L\u00e4s mer om v\u00e5r nya rapportering av transporter h\u00e4r!<\/a><\/p>\n\n\n\n<p><strong>Josef Ingvarsson,&nbsp;<\/strong><br>Sustainable Business Developer p\u00e5 Mestro<\/p>\n","protected":false},"excerpt":{"rendered":"<p>V\u00e5rt resande har definitivt st\u00e4llts om under pandemin; flygtrafiken minskar, trendiga SUVar blir allt fler, men ljuset i tunneln \u00e4r att \u00e4ven de klimatsmarta alternativen bryter ny mark och erbjuder f\u00f6retagsl\u00f6sningar. Kan det vara framtiden f\u00f6r fler f\u00f6retagare?<\/p>\n","protected":false},"author":2,"featured_media":1922,"comment_status":"closed","ping_status":"closed","sticky":false,"template":"","format":"standard","meta":{"_acf_changed":false,"_eb_attr":"","content-type":"","inline_featured_image":false,"footnotes":""},"categories":[14,37],"tags":[],"class_list":["post-1885","post","type-post","status-publish","format-standard","has-post-thumbnail","hentry","category-artiklar","category-spaningar"],"acf":[],"yoast_head":"<!-- This site is optimized with the Yoast SEO plugin v25.8 - https:\/\/yoast.com\/wordpress\/plugins\/seo\/ -->\n<title>Flygen minskar, men trendiga vr\u00e5l\u00e5k \u00f6kar - Mestro tar tempen p\u00e5 v\u00e5rt resande &#8226; Mestro<\/title>\n<meta name=\"description\" content=\"Vill du ta mer kontroll \u00f6ver era transporter? Nu har vi \u00e4ntligen lanserat en modul i Mestro Portal d\u00e4r du kan logga och f\u00f6lja upp era resor.\" \/>\n<meta name=\"robots\" content=\"index, follow, max-snippet:-1, max-image-preview:large, max-video-preview:-1\" \/>\n<link rel=\"canonical\" href=\"https:\/\/old.mestro.com\/sv\/artiklar\/flygen-minskar-trendiga-vralak-okar\/\" \/>\n<meta property=\"og:locale\" content=\"sv_SE\" \/>\n<meta property=\"og:type\" content=\"article\" \/>\n<meta property=\"og:title\" content=\"Flygen minskar, men trendiga vr\u00e5l\u00e5k \u00f6kar - Mestro tar tempen p\u00e5 v\u00e5rt resande &#8226; Mestro\" \/>\n<meta property=\"og:description\" content=\"Vill du ta mer kontroll \u00f6ver era transporter? Nu har vi \u00e4ntligen lanserat en modul i Mestro Portal d\u00e4r du kan logga och f\u00f6lja upp era resor.\" \/>\n<meta property=\"og:url\" content=\"https:\/\/old.mestro.com\/sv\/artiklar\/flygen-minskar-trendiga-vralak-okar\/\" \/>\n<meta property=\"og:site_name\" content=\"Mestro\" \/>\n<meta property=\"article:publisher\" content=\"https:\/\/www.facebook.com\/spendlessenergy\" \/>\n<meta property=\"article:published_time\" content=\"2020-10-27T10:19:00+00:00\" \/>\n<meta property=\"article:modified_time\" content=\"2023-03-31T07:32:11+00:00\" \/>\n<meta property=\"og:image\" content=\"https:\/\/old.mestro.com\/wp-content\/uploads\/2020\/10\/lanseringtransporter-blogg2.jpg\" \/>\n\t<meta property=\"og:image:width\" content=\"2560\" \/>\n\t<meta property=\"og:image:height\" content=\"1920\" \/>\n\t<meta property=\"og:image:type\" content=\"image\/jpeg\" \/>\n<meta name=\"author\" content=\"Kristoffer\" \/>\n<meta name=\"twitter:card\" content=\"summary_large_image\" \/>\n<meta name=\"twitter:label1\" content=\"Skriven av\" \/>\n\t<meta name=\"twitter:data1\" content=\"Kristoffer\" \/>\n\t<meta name=\"twitter:label2\" content=\"Ber\u00e4knad l\u00e4stid\" \/>\n\t<meta name=\"twitter:data2\" content=\"3 minuter\" \/>\n<script type=\"application\/ld+json\" class=\"yoast-schema-graph\">{\"@context\":\"https:\/\/schema.org\",\"@graph\":[{\"@type\":\"Article\",\"@id\":\"https:\/\/old.mestro.com\/sv\/artiklar\/flygen-minskar-trendiga-vralak-okar\/#article\",\"isPartOf\":{\"@id\":\"https:\/\/old.mestro.com\/sv\/artiklar\/flygen-minskar-trendiga-vralak-okar\/\"},\"author\":{\"name\":\"Kristoffer\",\"@id\":\"https:\/\/old.mestro.com\/sv\/#\/schema\/person\/6abfdcac0eec096ffcba1cedd1016a67\"},\"headline\":\"Flygen minskar, men trendiga vr\u00e5l\u00e5k \u00f6kar &#8211; Mestro tar tempen p\u00e5 v\u00e5rt resande\",\"datePublished\":\"2020-10-27T10:19:00+00:00\",\"dateModified\":\"2023-03-31T07:32:11+00:00\",\"mainEntityOfPage\":{\"@id\":\"https:\/\/old.mestro.com\/sv\/artiklar\/flygen-minskar-trendiga-vralak-okar\/\"},\"wordCount\":562,\"publisher\":{\"@id\":\"https:\/\/old.mestro.com\/sv\/#organization\"},\"image\":{\"@id\":\"https:\/\/old.mestro.com\/sv\/artiklar\/flygen-minskar-trendiga-vralak-okar\/#primaryimage\"},\"thumbnailUrl\":\"https:\/\/old.mestro.com\/wp-content\/uploads\/2020\/10\/lanseringtransporter-blogg2.jpg\",\"articleSection\":[\"Artiklar\",\"Spaningar\"],\"inLanguage\":\"sv-SE\"},{\"@type\":\"WebPage\",\"@id\":\"https:\/\/old.mestro.com\/sv\/artiklar\/flygen-minskar-trendiga-vralak-okar\/\",\"url\":\"https:\/\/old.mestro.com\/sv\/artiklar\/flygen-minskar-trendiga-vralak-okar\/\",\"name\":\"Flygen minskar, men trendiga vr\u00e5l\u00e5k \u00f6kar - Mestro tar tempen p\u00e5 v\u00e5rt resande &#8226; Mestro\",\"isPartOf\":{\"@id\":\"https:\/\/old.mestro.com\/sv\/#website\"},\"primaryImageOfPage\":{\"@id\":\"https:\/\/old.mestro.com\/sv\/artiklar\/flygen-minskar-trendiga-vralak-okar\/#primaryimage\"},\"image\":{\"@id\":\"https:\/\/old.mestro.com\/sv\/artiklar\/flygen-minskar-trendiga-vralak-okar\/#primaryimage\"},\"thumbnailUrl\":\"https:\/\/old.mestro.com\/wp-content\/uploads\/2020\/10\/lanseringtransporter-blogg2.jpg\",\"datePublished\":\"2020-10-27T10:19:00+00:00\",\"dateModified\":\"2023-03-31T07:32:11+00:00\",\"description\":\"Vill du ta mer kontroll \u00f6ver era transporter? Nu har vi \u00e4ntligen lanserat en modul i Mestro Portal d\u00e4r du kan logga och f\u00f6lja upp era resor.\",\"breadcrumb\":{\"@id\":\"https:\/\/old.mestro.com\/sv\/artiklar\/flygen-minskar-trendiga-vralak-okar\/#breadcrumb\"},\"inLanguage\":\"sv-SE\",\"potentialAction\":[{\"@type\":\"ReadAction\",\"target\":[\"https:\/\/old.mestro.com\/sv\/artiklar\/flygen-minskar-trendiga-vralak-okar\/\"]}]},{\"@type\":\"ImageObject\",\"inLanguage\":\"sv-SE\",\"@id\":\"https:\/\/old.mestro.com\/sv\/artiklar\/flygen-minskar-trendiga-vralak-okar\/#primaryimage\",\"url\":\"https:\/\/old.mestro.com\/wp-content\/uploads\/2020\/10\/lanseringtransporter-blogg2.jpg\",\"contentUrl\":\"https:\/\/old.mestro.com\/wp-content\/uploads\/2020\/10\/lanseringtransporter-blogg2.jpg\",\"width\":2560,\"height\":1920,\"caption\":\"Transporter i st\u00e4derna \u00e4r riktiga utsl\u00e4ppsbovar, skriver Mestro i en spaning\"},{\"@type\":\"BreadcrumbList\",\"@id\":\"https:\/\/old.mestro.com\/sv\/artiklar\/flygen-minskar-trendiga-vralak-okar\/#breadcrumb\",\"itemListElement\":[{\"@type\":\"ListItem\",\"position\":1,\"name\":\"Hem\",\"item\":\"https:\/\/old.mestro.com\/sv\/\"},{\"@type\":\"ListItem\",\"position\":2,\"name\":\"Flygen minskar, men trendiga vr\u00e5l\u00e5k \u00f6kar &#8211; Mestro tar tempen p\u00e5 v\u00e5rt resande\"}]},{\"@type\":\"WebSite\",\"@id\":\"https:\/\/old.mestro.com\/sv\/#website\",\"url\":\"https:\/\/old.mestro.com\/sv\/\",\"name\":\"Mestro\",\"description\":\"Automatiserad energiuppf\u00f6ljning\",\"publisher\":{\"@id\":\"https:\/\/old.mestro.com\/sv\/#organization\"},\"potentialAction\":[{\"@type\":\"SearchAction\",\"target\":{\"@type\":\"EntryPoint\",\"urlTemplate\":\"https:\/\/old.mestro.com\/sv\/?s={search_term_string}\"},\"query-input\":{\"@type\":\"PropertyValueSpecification\",\"valueRequired\":true,\"valueName\":\"search_term_string\"}}],\"inLanguage\":\"sv-SE\"},{\"@type\":\"Organization\",\"@id\":\"https:\/\/old.mestro.com\/sv\/#organization\",\"name\":\"Mestro\",\"url\":\"https:\/\/old.mestro.com\/sv\/\",\"logo\":{\"@type\":\"ImageObject\",\"inLanguage\":\"sv-SE\",\"@id\":\"https:\/\/old.mestro.com\/sv\/#\/schema\/logo\/image\/\",\"url\":\"https:\/\/mestro.com\/wp-content\/uploads\/2021\/02\/cropped-favicon.png\",\"contentUrl\":\"https:\/\/mestro.com\/wp-content\/uploads\/2021\/02\/cropped-favicon.png\",\"width\":512,\"height\":512,\"caption\":\"Mestro\"},\"image\":{\"@id\":\"https:\/\/old.mestro.com\/sv\/#\/schema\/logo\/image\/\"},\"sameAs\":[\"https:\/\/www.facebook.com\/spendlessenergy\",\"https:\/\/www.instagram.com\/lifeatmestro\/\",\"https:\/\/www.linkedin.com\/company\/mestro\",\"https:\/\/www.youtube.com\/channel\/UCfMpb7hUwvgwdUYzvntBSzg\"]},{\"@type\":\"Person\",\"@id\":\"https:\/\/old.mestro.com\/sv\/#\/schema\/person\/6abfdcac0eec096ffcba1cedd1016a67\",\"name\":\"Kristoffer\",\"image\":{\"@type\":\"ImageObject\",\"inLanguage\":\"sv-SE\",\"@id\":\"https:\/\/old.mestro.com\/sv\/#\/schema\/person\/image\/\",\"url\":\"https:\/\/old.mestro.com\/wp-content\/uploads\/2021\/02\/kristoffer-150x150.jpg\",\"contentUrl\":\"https:\/\/old.mestro.com\/wp-content\/uploads\/2021\/02\/kristoffer-150x150.jpg\",\"caption\":\"Kristoffer\"}}]}<\/script>\n<!-- \/ Yoast SEO plugin. -->","yoast_head_json":{"title":"Flygen minskar, men trendiga vr\u00e5l\u00e5k \u00f6kar - Mestro tar tempen p\u00e5 v\u00e5rt resande &#8226; Mestro","description":"Vill du ta mer kontroll \u00f6ver era transporter? Nu har vi \u00e4ntligen lanserat en modul i Mestro Portal d\u00e4r du kan logga och f\u00f6lja upp era resor.","robots":{"index":"index","follow":"follow","max-snippet":"max-snippet:-1","max-image-preview":"max-image-preview:large","max-video-preview":"max-video-preview:-1"},"canonical":"https:\/\/old.mestro.com\/sv\/artiklar\/flygen-minskar-trendiga-vralak-okar\/","og_locale":"sv_SE","og_type":"article","og_title":"Flygen minskar, men trendiga vr\u00e5l\u00e5k \u00f6kar - Mestro tar tempen p\u00e5 v\u00e5rt resande &#8226; Mestro","og_description":"Vill du ta mer kontroll \u00f6ver era transporter? Nu har vi \u00e4ntligen lanserat en modul i Mestro Portal d\u00e4r du kan logga och f\u00f6lja upp era resor.","og_url":"https:\/\/old.mestro.com\/sv\/artiklar\/flygen-minskar-trendiga-vralak-okar\/","og_site_name":"Mestro","article_publisher":"https:\/\/www.facebook.com\/spendlessenergy","article_published_time":"2020-10-27T10:19:00+00:00","article_modified_time":"2023-03-31T07:32:11+00:00","og_image":[{"width":2560,"height":1920,"url":"https:\/\/old.mestro.com\/wp-content\/uploads\/2020\/10\/lanseringtransporter-blogg2.jpg","type":"image\/jpeg"}],"author":"Kristoffer","twitter_card":"summary_large_image","twitter_misc":{"Skriven av":"Kristoffer","Ber\u00e4knad l\u00e4stid":"3 minuter"},"schema":{"@context":"https:\/\/schema.org","@graph":[{"@type":"Article","@id":"https:\/\/old.mestro.com\/sv\/artiklar\/flygen-minskar-trendiga-vralak-okar\/#article","isPartOf":{"@id":"https:\/\/old.mestro.com\/sv\/artiklar\/flygen-minskar-trendiga-vralak-okar\/"},"author":{"name":"Kristoffer","@id":"https:\/\/old.mestro.com\/sv\/#\/schema\/person\/6abfdcac0eec096ffcba1cedd1016a67"},"headline":"Flygen minskar, men trendiga vr\u00e5l\u00e5k \u00f6kar &#8211; Mestro tar tempen p\u00e5 v\u00e5rt resande","datePublished":"2020-10-27T10:19:00+00:00","dateModified":"2023-03-31T07:32:11+00:00","mainEntityOfPage":{"@id":"https:\/\/old.mestro.com\/sv\/artiklar\/flygen-minskar-trendiga-vralak-okar\/"},"wordCount":562,"publisher":{"@id":"https:\/\/old.mestro.com\/sv\/#organization"},"image":{"@id":"https:\/\/old.mestro.com\/sv\/artiklar\/flygen-minskar-trendiga-vralak-okar\/#primaryimage"},"thumbnailUrl":"https:\/\/old.mestro.com\/wp-content\/uploads\/2020\/10\/lanseringtransporter-blogg2.jpg","articleSection":["Artiklar","Spaningar"],"inLanguage":"sv-SE"},{"@type":"WebPage","@id":"https:\/\/old.mestro.com\/sv\/artiklar\/flygen-minskar-trendiga-vralak-okar\/","url":"https:\/\/old.mestro.com\/sv\/artiklar\/flygen-minskar-trendiga-vralak-okar\/","name":"Flygen minskar, men trendiga vr\u00e5l\u00e5k \u00f6kar - Mestro tar tempen p\u00e5 v\u00e5rt resande &#8226; Mestro","isPartOf":{"@id":"https:\/\/old.mestro.com\/sv\/#website"},"primaryImageOfPage":{"@id":"https:\/\/old.mestro.com\/sv\/artiklar\/flygen-minskar-trendiga-vralak-okar\/#primaryimage"},"image":{"@id":"https:\/\/old.mestro.com\/sv\/artiklar\/flygen-minskar-trendiga-vralak-okar\/#primaryimage"},"thumbnailUrl":"https:\/\/old.mestro.com\/wp-content\/uploads\/2020\/10\/lanseringtransporter-blogg2.jpg","datePublished":"2020-10-27T10:19:00+00:00","dateModified":"2023-03-31T07:32:11+00:00","description":"Vill du ta mer kontroll \u00f6ver era transporter? Nu har vi \u00e4ntligen lanserat en modul i Mestro Portal d\u00e4r du kan logga och f\u00f6lja upp era resor.","breadcrumb":{"@id":"https:\/\/old.mestro.com\/sv\/artiklar\/flygen-minskar-trendiga-vralak-okar\/#breadcrumb"},"inLanguage":"sv-SE","potentialAction":[{"@type":"ReadAction","target":["https:\/\/old.mestro.com\/sv\/artiklar\/flygen-minskar-trendiga-vralak-okar\/"]}]},{"@type":"ImageObject","inLanguage":"sv-SE","@id":"https:\/\/old.mestro.com\/sv\/artiklar\/flygen-minskar-trendiga-vralak-okar\/#primaryimage","url":"https:\/\/old.mestro.com\/wp-content\/uploads\/2020\/10\/lanseringtransporter-blogg2.jpg","contentUrl":"https:\/\/old.mestro.com\/wp-content\/uploads\/2020\/10\/lanseringtransporter-blogg2.jpg","width":2560,"height":1920,"caption":"Transporter i st\u00e4derna \u00e4r riktiga utsl\u00e4ppsbovar, skriver Mestro i en spaning"},{"@type":"BreadcrumbList","@id":"https:\/\/old.mestro.com\/sv\/artiklar\/flygen-minskar-trendiga-vralak-okar\/#breadcrumb","itemListElement":[{"@type":"ListItem","position":1,"name":"Hem","item":"https:\/\/old.mestro.com\/sv\/"},{"@type":"ListItem","position":2,"name":"Flygen minskar, men trendiga vr\u00e5l\u00e5k \u00f6kar &#8211; Mestro tar tempen p\u00e5 v\u00e5rt resande"}]},{"@type":"WebSite","@id":"https:\/\/old.mestro.com\/sv\/#website","url":"https:\/\/old.mestro.com\/sv\/","name":"Mestro","description":"Automatiserad energiuppf\u00f6ljning","publisher":{"@id":"https:\/\/old.mestro.com\/sv\/#organization"},"potentialAction":[{"@type":"SearchAction","target":{"@type":"EntryPoint","urlTemplate":"https:\/\/old.mestro.com\/sv\/?s={search_term_string}"},"query-input":{"@type":"PropertyValueSpecification","valueRequired":true,"valueName":"search_term_string"}}],"inLanguage":"sv-SE"},{"@type":"Organization","@id":"https:\/\/old.mestro.com\/sv\/#organization","name":"Mestro","url":"https:\/\/old.mestro.com\/sv\/","logo":{"@type":"ImageObject","inLanguage":"sv-SE","@id":"https:\/\/old.mestro.com\/sv\/#\/schema\/logo\/image\/","url":"https:\/\/mestro.com\/wp-content\/uploads\/2021\/02\/cropped-favicon.png","contentUrl":"https:\/\/mestro.com\/wp-content\/uploads\/2021\/02\/cropped-favicon.png","width":512,"height":512,"caption":"Mestro"},"image":{"@id":"https:\/\/old.mestro.com\/sv\/#\/schema\/logo\/image\/"},"sameAs":["https:\/\/www.facebook.com\/spendlessenergy","https:\/\/www.instagram.com\/lifeatmestro\/","https:\/\/www.linkedin.com\/company\/mestro","https:\/\/www.youtube.com\/channel\/UCfMpb7hUwvgwdUYzvntBSzg"]},{"@type":"Person","@id":"https:\/\/old.mestro.com\/sv\/#\/schema\/person\/6abfdcac0eec096ffcba1cedd1016a67","name":"Kristoffer","image":{"@type":"ImageObject","inLanguage":"sv-SE","@id":"https:\/\/old.mestro.com\/sv\/#\/schema\/person\/image\/","url":"https:\/\/old.mestro.com\/wp-content\/uploads\/2021\/02\/kristoffer-150x150.jpg","contentUrl":"https:\/\/old.mestro.com\/wp-content\/uploads\/2021\/02\/kristoffer-150x150.jpg","caption":"Kristoffer"}}]}},"_links":{"self":[{"href":"https:\/\/old.mestro.com\/sv\/wp-json\/wp\/v2\/posts\/1885","targetHints":{"allow":["GET"]}}],"collection":[{"href":"https:\/\/old.mestro.com\/sv\/wp-json\/wp\/v2\/posts"}],"about":[{"href":"https:\/\/old.mestro.com\/sv\/wp-json\/wp\/v2\/types\/post"}],"author":[{"embeddable":true,"href":"https:\/\/old.mestro.com\/sv\/wp-json\/wp\/v2\/users\/2"}],"replies":[{"embeddable":true,"href":"https:\/\/old.mestro.com\/sv\/wp-json\/wp\/v2\/comments?post=1885"}],"version-history":[{"count":2,"href":"https:\/\/old.mestro.com\/sv\/wp-json\/wp\/v2\/posts\/1885\/revisions"}],"predecessor-version":[{"id":4606,"href":"https:\/\/old.mestro.com\/sv\/wp-json\/wp\/v2\/posts\/1885\/revisions\/4606"}],"wp:featuredmedia":[{"embeddable":true,"href":"https:\/\/old.mestro.com\/sv\/wp-json\/wp\/v2\/media\/1922"}],"wp:attachment":[{"href":"https:\/\/old.mestro.com\/sv\/wp-json\/wp\/v2\/media?parent=1885"}],"wp:term":[{"taxonomy":"category","embeddable":true,"href":"https:\/\/old.mestro.com\/sv\/wp-json\/wp\/v2\/categories?post=1885"},{"taxonomy":"post_tag","embeddable":true,"href":"https:\/\/old.mestro.com\/sv\/wp-json\/wp\/v2\/tags?post=1885"}],"curies":[{"name":"wp","href":"https:\/\/api.w.org\/{rel}","templated":true}]}}