{"id":7580,"date":"2021-11-26T15:18:16","date_gmt":"2021-11-26T14:18:16","guid":{"rendered":"https:\/\/mestro.com\/?p=7580"},"modified":"2023-03-30T16:24:42","modified_gmt":"2023-03-30T14:24:42","slug":"camillas-cop26-energin-ar-central-for-hur-vi-ska-kunna-na-malen","status":"publish","type":"post","link":"https:\/\/old.mestro.com\/sv\/artiklar\/camillas-cop26-energin-ar-central-for-hur-vi-ska-kunna-na-malen\/","title":{"rendered":"Camillas COP26: Energin \u00e4r central f\u00f6r hur vi ska kunna n\u00e5 m\u00e5len"},"content":{"rendered":"\n<p>\u201cDet finns nog inget som jag t\u00e4nker s\u00e5 mycket p\u00e5 som klimatf\u00f6r\u00e4ndringar och deras konsekvenser. Med en fem\u00e5rig utbildning i milj\u00f6vetenskap i bagaget kan man nog kalla mig insatt. Jag var d\u00e4rf\u00f6r rej\u00e4lt laddad och sp\u00e4nd att i \u00e5r f\u00e5 \u00e5ka och vara med i h\u00e4ndelsernas centrum. Min ackreditering gav mig tillg\u00e5ng till den bl\u00e5 zonen d\u00e4r de politiska f\u00f6rhandlingarna skedde, men jag var faktiskt mest i den gr\u00f6na zonen som var \u00f6ppen f\u00f6r allm\u00e4nheten. I den kunde man hitta utst\u00e4llningar, filmvisningar och event fr\u00e5n akt\u00f6rer kopplade till COP eller klimatf\u00f6r\u00e4ndringar p\u00e5 olika s\u00e4tt.&nbsp;<\/p>\n\n\n\n<p>Och n\u00e4r jag st\u00e5r d\u00e4r blir det v\u00e4ldigt tydligt: energin \u00e4r livsviktig f\u00f6r oss. Men ocks\u00e5 farlig. Den \u00e4r helt enkelt v\u00e4ldigt tung och central f\u00f6r v\u00e5r framtid. F\u00f6r vi kan inte leva utan den &#8211; och det kr\u00e4vs enorma krafttag f\u00f6r att g\u00f6ra utvinningen och f\u00f6rbr\u00e4nningen av energik\u00e4llor mer klimatv\u00e4nliga och h\u00e5llbara. Framsteg gjordes, under \u2018Energy day\u2019 den fj\u00e4rde november presenterades till exempel <a href=\"https:\/\/ukcop26.org\/global-coal-to-clean-power-transition-statement\/\">Global Clean Power Transition Statement<\/a> d\u00e4r investeringen i kol lovas upph\u00f6ra samt en uppskalning upp rena energik\u00e4llor s\u00e5 att en r\u00e4ttvis \u00f6verg\u00e5ng kan ske och kol ska fasas ut &#8211; l\u00f6ftet har 77 undertecknare. \u00c4ven <a href=\"https:\/\/beyondoilandgasalliance.com\/\">Beyond Oil and Gas Alliance<\/a> skapades d\u00e4r Sverige \u00e4r en k\u00e4rnmedlem och alliansen str\u00e4var efter att leverera en hanterad och r\u00e4ttvis \u00f6verg\u00e5ng bort fr\u00e5n olje- och gasproduktion.&nbsp;&nbsp;<\/p>\n\n\n\n<p>Men bakom de h\u00e4r besluten som ska flytta berg och bereda ny mark f\u00f6r oss och v\u00e5r framtid ligger en enorm m\u00e4ngd data. Datainsamlingen och analysen \u00e4r \u00e4ven den en grundsten f\u00f6r att kunna fatta n\u00e5gra som helst v\u00e4lgrundade beslut kring klimatf\u00f6r\u00e4ndringarna. Ju mer data och information som g\u00e5r att samla in och analysera, desto st\u00f6rre f\u00f6rst\u00e5else f\u00f6r ett systems mekanismer och funktioner skapas och d\u00e5 kan \u00e4ven b\u00e4ttre beslut fattas.&nbsp;<\/p>\n\n\n\n<figure class=\"wp-block-image size-large\"><img fetchpriority=\"high\" decoding=\"async\" width=\"1024\" height=\"722\" src=\"https:\/\/mestro.com\/wp-content\/uploads\/2021\/11\/Ska\u0308rmavbild-2021-11-26-kl.-15.17.28-1024x722.png\" alt=\"\" class=\"wp-image-7586\" srcset=\"https:\/\/old.mestro.com\/wp-content\/uploads\/2021\/11\/Ska\u0308rmavbild-2021-11-26-kl.-15.17.28-1024x722.png 1024w, https:\/\/old.mestro.com\/wp-content\/uploads\/2021\/11\/Ska\u0308rmavbild-2021-11-26-kl.-15.17.28-300x212.png 300w, https:\/\/old.mestro.com\/wp-content\/uploads\/2021\/11\/Ska\u0308rmavbild-2021-11-26-kl.-15.17.28-768x542.png 768w, https:\/\/old.mestro.com\/wp-content\/uploads\/2021\/11\/Ska\u0308rmavbild-2021-11-26-kl.-15.17.28.png 1202w\" sizes=\"(max-width: 1024px) 100vw, 1024px\" \/><figcaption class=\"wp-element-caption\">Camilla utanf\u00f6r en av konstinstallationerna utanf\u00f6r den gr\u00f6na zonen vid Scottish Science Center.<\/figcaption><\/figure>\n\n\n\n<p>Min upplevelse av COP26 pr\u00e4glas av blandade k\u00e4nslor. Det fanns mycket hopp och stora f\u00f6rv\u00e4ntningar p\u00e5 att \u00e4ntligen v\u00e4nda den h\u00e4r skutan. Pandemin visade oss att nationer kan genomf\u00f6ra pl\u00f6tsliga drastiska \u00e5tg\u00e4rder ifall det \u00e4r det som kr\u00e4vs &#8211; och det fanns en k\u00e4nsla av sammanh\u00e5llning p\u00e5 plats. Men det var ocks\u00e5 mycket frustration, n\u00e4r v\u00e5r tids \u00f6desfr\u00e5ga r\u00e5kar vara s\u00e5 pass komplex som klimatf\u00f6r\u00e4ndringarna \u00e4nd\u00e5 \u00e4r kanske det \u00e4r f\u00f6rst\u00e5eligt. Det var stor frustration kring vem som ska g\u00f6ra vad? Vem har mest ansvar? Och fr\u00e4mst en k\u00e4nsla av att vi egentligen inte har tid f\u00f6r l\u00e5ngdragna diskussioner kring detta utan att det kr\u00e4vs aktion &#8211; och den skulle ha skett ig\u00e5r.&nbsp;&nbsp;&nbsp;<\/p>\n\n\n\n<p>Jag l\u00e4mnade Glasgow med en k\u00e4nsla av att Mestro spelar en liten, men ack s\u00e5 viktig roll i att skapa mer en h\u00e5llbar v\u00e4rld genom att p\u00e5 ett enkelt s\u00e4tt m\u00f6jligg\u00f6ra energiuppf\u00f6ljning och analys. F\u00f6r med mer energidata kan vi, tillsammans med v\u00e5ra kunder, ta \u00e4nnu mer v\u00e4lgrundade beslut. Och kanske faktiskt bidra till att n\u00e5 m\u00e5len? Jag hoppas det, verkligen.\u201d&nbsp;<\/p>\n\n\n\n<p>Camilla Lindberg,&nbsp;<br>Customer Success Manager p\u00e5 Mestro<\/p>\n\n\n\n<p><em>COP26 \u00e4r en internationell klimatkonferens som gick av stapeln i Glasgow, Skottland den 31 oktober-13 november 2021. COP st\u00e5r f\u00f6r Conference of the Parties och h\u00e4nvisar till parterna i FNs klimatkonvention UNFCCC. \u00c5rets klimatkonferens var den 26:e i ordningen och p\u00e5 agendan stod att s\u00e4kra global netto nollutsl\u00e4pp till 2050 samt att h\u00e5lla max 1,5 graders uppv\u00e4rmning inom r\u00e4ckh\u00e5ll.<\/em><\/p>\n","protected":false},"excerpt":{"rendered":"<p>Stora f\u00f6rhoppningar och minst lika stora rubriker kantade eventet COP26 som gick av stapeln i Glasgow nyligen. Skulle l\u00e4nderna kunna enas? Och vad skulle bli planen fram\u00e5t? Mestros egna Camilla Lindberg var p\u00e5 plats och ber\u00e4ttar h\u00e4r om sina spaningar fr\u00e5n \u00e5rets st\u00f6rsta klimatkonferens. <\/p>\n","protected":false},"author":2,"featured_media":7581,"comment_status":"closed","ping_status":"open","sticky":false,"template":"","format":"standard","meta":{"_acf_changed":false,"_eb_attr":"","content-type":"","inline_featured_image":false,"footnotes":""},"categories":[14],"tags":[],"class_list":["post-7580","post","type-post","status-publish","format-standard","has-post-thumbnail","hentry","category-artiklar"],"acf":[],"yoast_head":"<!-- This site is optimized with the Yoast SEO plugin v25.8 - https:\/\/yoast.com\/wordpress\/plugins\/seo\/ -->\n<title>Camillas COP26: Energin \u00e4r central f\u00f6r hur vi ska kunna n\u00e5 m\u00e5len &#8226; Mestro<\/title>\n<meta name=\"description\" content=\"Datainsamlingen och analysen \u00e4r \u00e4ven den en grundsten f\u00f6r att kunna fatta n\u00e5gra som helst v\u00e4lgrundade beslut kring klimatf\u00f6r\u00e4ndringarna.\" \/>\n<meta name=\"robots\" content=\"index, follow, max-snippet:-1, max-image-preview:large, max-video-preview:-1\" \/>\n<link rel=\"canonical\" href=\"https:\/\/old.mestro.com\/sv\/artiklar\/camillas-cop26-energin-ar-central-for-hur-vi-ska-kunna-na-malen\/\" \/>\n<meta property=\"og:locale\" content=\"sv_SE\" \/>\n<meta property=\"og:type\" content=\"article\" \/>\n<meta property=\"og:title\" content=\"Camillas COP26: Energin \u00e4r central f\u00f6r hur vi ska kunna n\u00e5 m\u00e5len &#8226; Mestro\" \/>\n<meta property=\"og:description\" content=\"Datainsamlingen och analysen \u00e4r \u00e4ven den en grundsten f\u00f6r att kunna fatta n\u00e5gra som helst v\u00e4lgrundade beslut kring klimatf\u00f6r\u00e4ndringarna.\" \/>\n<meta property=\"og:url\" content=\"https:\/\/old.mestro.com\/sv\/artiklar\/camillas-cop26-energin-ar-central-for-hur-vi-ska-kunna-na-malen\/\" \/>\n<meta property=\"og:site_name\" content=\"Mestro\" \/>\n<meta property=\"article:publisher\" content=\"https:\/\/www.facebook.com\/spendlessenergy\" \/>\n<meta property=\"article:published_time\" content=\"2021-11-26T14:18:16+00:00\" \/>\n<meta property=\"article:modified_time\" content=\"2023-03-30T14:24:42+00:00\" \/>\n<meta property=\"og:image\" content=\"https:\/\/old.mestro.com\/wp-content\/uploads\/2021\/11\/Ska\u0308rmavbild-2021-11-26-kl.-15.16.32.png\" \/>\n\t<meta property=\"og:image:width\" content=\"896\" \/>\n\t<meta property=\"og:image:height\" content=\"662\" \/>\n\t<meta property=\"og:image:type\" content=\"image\/png\" \/>\n<meta name=\"author\" content=\"Kristoffer\" \/>\n<meta name=\"twitter:card\" content=\"summary_large_image\" \/>\n<meta name=\"twitter:label1\" content=\"Skriven av\" \/>\n\t<meta name=\"twitter:data1\" content=\"Kristoffer\" \/>\n\t<meta name=\"twitter:label2\" content=\"Ber\u00e4knad l\u00e4stid\" \/>\n\t<meta name=\"twitter:data2\" content=\"3 minuter\" \/>\n<script type=\"application\/ld+json\" class=\"yoast-schema-graph\">{\"@context\":\"https:\/\/schema.org\",\"@graph\":[{\"@type\":\"Article\",\"@id\":\"https:\/\/old.mestro.com\/sv\/artiklar\/camillas-cop26-energin-ar-central-for-hur-vi-ska-kunna-na-malen\/#article\",\"isPartOf\":{\"@id\":\"https:\/\/old.mestro.com\/sv\/artiklar\/camillas-cop26-energin-ar-central-for-hur-vi-ska-kunna-na-malen\/\"},\"author\":{\"name\":\"Kristoffer\",\"@id\":\"https:\/\/old.mestro.com\/sv\/#\/schema\/person\/6abfdcac0eec096ffcba1cedd1016a67\"},\"headline\":\"Camillas COP26: Energin \u00e4r central f\u00f6r hur vi ska kunna n\u00e5 m\u00e5len\",\"datePublished\":\"2021-11-26T14:18:16+00:00\",\"dateModified\":\"2023-03-30T14:24:42+00:00\",\"mainEntityOfPage\":{\"@id\":\"https:\/\/old.mestro.com\/sv\/artiklar\/camillas-cop26-energin-ar-central-for-hur-vi-ska-kunna-na-malen\/\"},\"wordCount\":680,\"publisher\":{\"@id\":\"https:\/\/old.mestro.com\/sv\/#organization\"},\"image\":{\"@id\":\"https:\/\/old.mestro.com\/sv\/artiklar\/camillas-cop26-energin-ar-central-for-hur-vi-ska-kunna-na-malen\/#primaryimage\"},\"thumbnailUrl\":\"https:\/\/old.mestro.com\/wp-content\/uploads\/2021\/11\/Ska\u0308rmavbild-2021-11-26-kl.-15.16.32.png\",\"articleSection\":[\"Artiklar\"],\"inLanguage\":\"sv-SE\"},{\"@type\":\"WebPage\",\"@id\":\"https:\/\/old.mestro.com\/sv\/artiklar\/camillas-cop26-energin-ar-central-for-hur-vi-ska-kunna-na-malen\/\",\"url\":\"https:\/\/old.mestro.com\/sv\/artiklar\/camillas-cop26-energin-ar-central-for-hur-vi-ska-kunna-na-malen\/\",\"name\":\"Camillas COP26: Energin \u00e4r central f\u00f6r hur vi ska kunna n\u00e5 m\u00e5len &#8226; Mestro\",\"isPartOf\":{\"@id\":\"https:\/\/old.mestro.com\/sv\/#website\"},\"primaryImageOfPage\":{\"@id\":\"https:\/\/old.mestro.com\/sv\/artiklar\/camillas-cop26-energin-ar-central-for-hur-vi-ska-kunna-na-malen\/#primaryimage\"},\"image\":{\"@id\":\"https:\/\/old.mestro.com\/sv\/artiklar\/camillas-cop26-energin-ar-central-for-hur-vi-ska-kunna-na-malen\/#primaryimage\"},\"thumbnailUrl\":\"https:\/\/old.mestro.com\/wp-content\/uploads\/2021\/11\/Ska\u0308rmavbild-2021-11-26-kl.-15.16.32.png\",\"datePublished\":\"2021-11-26T14:18:16+00:00\",\"dateModified\":\"2023-03-30T14:24:42+00:00\",\"description\":\"Datainsamlingen och analysen \u00e4r \u00e4ven den en grundsten f\u00f6r att kunna fatta n\u00e5gra som helst v\u00e4lgrundade beslut kring klimatf\u00f6r\u00e4ndringarna.\",\"breadcrumb\":{\"@id\":\"https:\/\/old.mestro.com\/sv\/artiklar\/camillas-cop26-energin-ar-central-for-hur-vi-ska-kunna-na-malen\/#breadcrumb\"},\"inLanguage\":\"sv-SE\",\"potentialAction\":[{\"@type\":\"ReadAction\",\"target\":[\"https:\/\/old.mestro.com\/sv\/artiklar\/camillas-cop26-energin-ar-central-for-hur-vi-ska-kunna-na-malen\/\"]}]},{\"@type\":\"ImageObject\",\"inLanguage\":\"sv-SE\",\"@id\":\"https:\/\/old.mestro.com\/sv\/artiklar\/camillas-cop26-energin-ar-central-for-hur-vi-ska-kunna-na-malen\/#primaryimage\",\"url\":\"https:\/\/old.mestro.com\/wp-content\/uploads\/2021\/11\/Ska\u0308rmavbild-2021-11-26-kl.-15.16.32.png\",\"contentUrl\":\"https:\/\/old.mestro.com\/wp-content\/uploads\/2021\/11\/Ska\u0308rmavbild-2021-11-26-kl.-15.16.32.png\",\"width\":896,\"height\":662},{\"@type\":\"BreadcrumbList\",\"@id\":\"https:\/\/old.mestro.com\/sv\/artiklar\/camillas-cop26-energin-ar-central-for-hur-vi-ska-kunna-na-malen\/#breadcrumb\",\"itemListElement\":[{\"@type\":\"ListItem\",\"position\":1,\"name\":\"Hem\",\"item\":\"https:\/\/old.mestro.com\/sv\/\"},{\"@type\":\"ListItem\",\"position\":2,\"name\":\"Camillas COP26: Energin \u00e4r central f\u00f6r hur vi ska kunna n\u00e5 m\u00e5len\"}]},{\"@type\":\"WebSite\",\"@id\":\"https:\/\/old.mestro.com\/sv\/#website\",\"url\":\"https:\/\/old.mestro.com\/sv\/\",\"name\":\"Mestro\",\"description\":\"Automatiserad energiuppf\u00f6ljning\",\"publisher\":{\"@id\":\"https:\/\/old.mestro.com\/sv\/#organization\"},\"potentialAction\":[{\"@type\":\"SearchAction\",\"target\":{\"@type\":\"EntryPoint\",\"urlTemplate\":\"https:\/\/old.mestro.com\/sv\/?s={search_term_string}\"},\"query-input\":{\"@type\":\"PropertyValueSpecification\",\"valueRequired\":true,\"valueName\":\"search_term_string\"}}],\"inLanguage\":\"sv-SE\"},{\"@type\":\"Organization\",\"@id\":\"https:\/\/old.mestro.com\/sv\/#organization\",\"name\":\"Mestro\",\"url\":\"https:\/\/old.mestro.com\/sv\/\",\"logo\":{\"@type\":\"ImageObject\",\"inLanguage\":\"sv-SE\",\"@id\":\"https:\/\/old.mestro.com\/sv\/#\/schema\/logo\/image\/\",\"url\":\"https:\/\/mestro.com\/wp-content\/uploads\/2021\/02\/cropped-favicon.png\",\"contentUrl\":\"https:\/\/mestro.com\/wp-content\/uploads\/2021\/02\/cropped-favicon.png\",\"width\":512,\"height\":512,\"caption\":\"Mestro\"},\"image\":{\"@id\":\"https:\/\/old.mestro.com\/sv\/#\/schema\/logo\/image\/\"},\"sameAs\":[\"https:\/\/www.facebook.com\/spendlessenergy\",\"https:\/\/www.instagram.com\/lifeatmestro\/\",\"https:\/\/www.linkedin.com\/company\/mestro\",\"https:\/\/www.youtube.com\/channel\/UCfMpb7hUwvgwdUYzvntBSzg\"]},{\"@type\":\"Person\",\"@id\":\"https:\/\/old.mestro.com\/sv\/#\/schema\/person\/6abfdcac0eec096ffcba1cedd1016a67\",\"name\":\"Kristoffer\",\"image\":{\"@type\":\"ImageObject\",\"inLanguage\":\"sv-SE\",\"@id\":\"https:\/\/old.mestro.com\/sv\/#\/schema\/person\/image\/\",\"url\":\"https:\/\/old.mestro.com\/wp-content\/uploads\/2021\/02\/kristoffer-150x150.jpg\",\"contentUrl\":\"https:\/\/old.mestro.com\/wp-content\/uploads\/2021\/02\/kristoffer-150x150.jpg\",\"caption\":\"Kristoffer\"}}]}<\/script>\n<!-- \/ Yoast SEO plugin. -->","yoast_head_json":{"title":"Camillas COP26: Energin \u00e4r central f\u00f6r hur vi ska kunna n\u00e5 m\u00e5len &#8226; Mestro","description":"Datainsamlingen och analysen \u00e4r \u00e4ven den en grundsten f\u00f6r att kunna fatta n\u00e5gra som helst v\u00e4lgrundade beslut kring klimatf\u00f6r\u00e4ndringarna.","robots":{"index":"index","follow":"follow","max-snippet":"max-snippet:-1","max-image-preview":"max-image-preview:large","max-video-preview":"max-video-preview:-1"},"canonical":"https:\/\/old.mestro.com\/sv\/artiklar\/camillas-cop26-energin-ar-central-for-hur-vi-ska-kunna-na-malen\/","og_locale":"sv_SE","og_type":"article","og_title":"Camillas COP26: Energin \u00e4r central f\u00f6r hur vi ska kunna n\u00e5 m\u00e5len &#8226; Mestro","og_description":"Datainsamlingen och analysen \u00e4r \u00e4ven den en grundsten f\u00f6r att kunna fatta n\u00e5gra som helst v\u00e4lgrundade beslut kring klimatf\u00f6r\u00e4ndringarna.","og_url":"https:\/\/old.mestro.com\/sv\/artiklar\/camillas-cop26-energin-ar-central-for-hur-vi-ska-kunna-na-malen\/","og_site_name":"Mestro","article_publisher":"https:\/\/www.facebook.com\/spendlessenergy","article_published_time":"2021-11-26T14:18:16+00:00","article_modified_time":"2023-03-30T14:24:42+00:00","og_image":[{"width":896,"height":662,"url":"https:\/\/old.mestro.com\/wp-content\/uploads\/2021\/11\/Ska\u0308rmavbild-2021-11-26-kl.-15.16.32.png","type":"image\/png"}],"author":"Kristoffer","twitter_card":"summary_large_image","twitter_misc":{"Skriven av":"Kristoffer","Ber\u00e4knad l\u00e4stid":"3 minuter"},"schema":{"@context":"https:\/\/schema.org","@graph":[{"@type":"Article","@id":"https:\/\/old.mestro.com\/sv\/artiklar\/camillas-cop26-energin-ar-central-for-hur-vi-ska-kunna-na-malen\/#article","isPartOf":{"@id":"https:\/\/old.mestro.com\/sv\/artiklar\/camillas-cop26-energin-ar-central-for-hur-vi-ska-kunna-na-malen\/"},"author":{"name":"Kristoffer","@id":"https:\/\/old.mestro.com\/sv\/#\/schema\/person\/6abfdcac0eec096ffcba1cedd1016a67"},"headline":"Camillas COP26: Energin \u00e4r central f\u00f6r hur vi ska kunna n\u00e5 m\u00e5len","datePublished":"2021-11-26T14:18:16+00:00","dateModified":"2023-03-30T14:24:42+00:00","mainEntityOfPage":{"@id":"https:\/\/old.mestro.com\/sv\/artiklar\/camillas-cop26-energin-ar-central-for-hur-vi-ska-kunna-na-malen\/"},"wordCount":680,"publisher":{"@id":"https:\/\/old.mestro.com\/sv\/#organization"},"image":{"@id":"https:\/\/old.mestro.com\/sv\/artiklar\/camillas-cop26-energin-ar-central-for-hur-vi-ska-kunna-na-malen\/#primaryimage"},"thumbnailUrl":"https:\/\/old.mestro.com\/wp-content\/uploads\/2021\/11\/Ska\u0308rmavbild-2021-11-26-kl.-15.16.32.png","articleSection":["Artiklar"],"inLanguage":"sv-SE"},{"@type":"WebPage","@id":"https:\/\/old.mestro.com\/sv\/artiklar\/camillas-cop26-energin-ar-central-for-hur-vi-ska-kunna-na-malen\/","url":"https:\/\/old.mestro.com\/sv\/artiklar\/camillas-cop26-energin-ar-central-for-hur-vi-ska-kunna-na-malen\/","name":"Camillas COP26: Energin \u00e4r central f\u00f6r hur vi ska kunna n\u00e5 m\u00e5len &#8226; Mestro","isPartOf":{"@id":"https:\/\/old.mestro.com\/sv\/#website"},"primaryImageOfPage":{"@id":"https:\/\/old.mestro.com\/sv\/artiklar\/camillas-cop26-energin-ar-central-for-hur-vi-ska-kunna-na-malen\/#primaryimage"},"image":{"@id":"https:\/\/old.mestro.com\/sv\/artiklar\/camillas-cop26-energin-ar-central-for-hur-vi-ska-kunna-na-malen\/#primaryimage"},"thumbnailUrl":"https:\/\/old.mestro.com\/wp-content\/uploads\/2021\/11\/Ska\u0308rmavbild-2021-11-26-kl.-15.16.32.png","datePublished":"2021-11-26T14:18:16+00:00","dateModified":"2023-03-30T14:24:42+00:00","description":"Datainsamlingen och analysen \u00e4r \u00e4ven den en grundsten f\u00f6r att kunna fatta n\u00e5gra som helst v\u00e4lgrundade beslut kring klimatf\u00f6r\u00e4ndringarna.","breadcrumb":{"@id":"https:\/\/old.mestro.com\/sv\/artiklar\/camillas-cop26-energin-ar-central-for-hur-vi-ska-kunna-na-malen\/#breadcrumb"},"inLanguage":"sv-SE","potentialAction":[{"@type":"ReadAction","target":["https:\/\/old.mestro.com\/sv\/artiklar\/camillas-cop26-energin-ar-central-for-hur-vi-ska-kunna-na-malen\/"]}]},{"@type":"ImageObject","inLanguage":"sv-SE","@id":"https:\/\/old.mestro.com\/sv\/artiklar\/camillas-cop26-energin-ar-central-for-hur-vi-ska-kunna-na-malen\/#primaryimage","url":"https:\/\/old.mestro.com\/wp-content\/uploads\/2021\/11\/Ska\u0308rmavbild-2021-11-26-kl.-15.16.32.png","contentUrl":"https:\/\/old.mestro.com\/wp-content\/uploads\/2021\/11\/Ska\u0308rmavbild-2021-11-26-kl.-15.16.32.png","width":896,"height":662},{"@type":"BreadcrumbList","@id":"https:\/\/old.mestro.com\/sv\/artiklar\/camillas-cop26-energin-ar-central-for-hur-vi-ska-kunna-na-malen\/#breadcrumb","itemListElement":[{"@type":"ListItem","position":1,"name":"Hem","item":"https:\/\/old.mestro.com\/sv\/"},{"@type":"ListItem","position":2,"name":"Camillas COP26: Energin \u00e4r central f\u00f6r hur vi ska kunna n\u00e5 m\u00e5len"}]},{"@type":"WebSite","@id":"https:\/\/old.mestro.com\/sv\/#website","url":"https:\/\/old.mestro.com\/sv\/","name":"Mestro","description":"Automatiserad energiuppf\u00f6ljning","publisher":{"@id":"https:\/\/old.mestro.com\/sv\/#organization"},"potentialAction":[{"@type":"SearchAction","target":{"@type":"EntryPoint","urlTemplate":"https:\/\/old.mestro.com\/sv\/?s={search_term_string}"},"query-input":{"@type":"PropertyValueSpecification","valueRequired":true,"valueName":"search_term_string"}}],"inLanguage":"sv-SE"},{"@type":"Organization","@id":"https:\/\/old.mestro.com\/sv\/#organization","name":"Mestro","url":"https:\/\/old.mestro.com\/sv\/","logo":{"@type":"ImageObject","inLanguage":"sv-SE","@id":"https:\/\/old.mestro.com\/sv\/#\/schema\/logo\/image\/","url":"https:\/\/mestro.com\/wp-content\/uploads\/2021\/02\/cropped-favicon.png","contentUrl":"https:\/\/mestro.com\/wp-content\/uploads\/2021\/02\/cropped-favicon.png","width":512,"height":512,"caption":"Mestro"},"image":{"@id":"https:\/\/old.mestro.com\/sv\/#\/schema\/logo\/image\/"},"sameAs":["https:\/\/www.facebook.com\/spendlessenergy","https:\/\/www.instagram.com\/lifeatmestro\/","https:\/\/www.linkedin.com\/company\/mestro","https:\/\/www.youtube.com\/channel\/UCfMpb7hUwvgwdUYzvntBSzg"]},{"@type":"Person","@id":"https:\/\/old.mestro.com\/sv\/#\/schema\/person\/6abfdcac0eec096ffcba1cedd1016a67","name":"Kristoffer","image":{"@type":"ImageObject","inLanguage":"sv-SE","@id":"https:\/\/old.mestro.com\/sv\/#\/schema\/person\/image\/","url":"https:\/\/old.mestro.com\/wp-content\/uploads\/2021\/02\/kristoffer-150x150.jpg","contentUrl":"https:\/\/old.mestro.com\/wp-content\/uploads\/2021\/02\/kristoffer-150x150.jpg","caption":"Kristoffer"}}]}},"_links":{"self":[{"href":"https:\/\/old.mestro.com\/sv\/wp-json\/wp\/v2\/posts\/7580","targetHints":{"allow":["GET"]}}],"collection":[{"href":"https:\/\/old.mestro.com\/sv\/wp-json\/wp\/v2\/posts"}],"about":[{"href":"https:\/\/old.mestro.com\/sv\/wp-json\/wp\/v2\/types\/post"}],"author":[{"embeddable":true,"href":"https:\/\/old.mestro.com\/sv\/wp-json\/wp\/v2\/users\/2"}],"replies":[{"embeddable":true,"href":"https:\/\/old.mestro.com\/sv\/wp-json\/wp\/v2\/comments?post=7580"}],"version-history":[{"count":2,"href":"https:\/\/old.mestro.com\/sv\/wp-json\/wp\/v2\/posts\/7580\/revisions"}],"predecessor-version":[{"id":10229,"href":"https:\/\/old.mestro.com\/sv\/wp-json\/wp\/v2\/posts\/7580\/revisions\/10229"}],"wp:featuredmedia":[{"embeddable":true,"href":"https:\/\/old.mestro.com\/sv\/wp-json\/wp\/v2\/media\/7581"}],"wp:attachment":[{"href":"https:\/\/old.mestro.com\/sv\/wp-json\/wp\/v2\/media?parent=7580"}],"wp:term":[{"taxonomy":"category","embeddable":true,"href":"https:\/\/old.mestro.com\/sv\/wp-json\/wp\/v2\/categories?post=7580"},{"taxonomy":"post_tag","embeddable":true,"href":"https:\/\/old.mestro.com\/sv\/wp-json\/wp\/v2\/tags?post=7580"}],"curies":[{"name":"wp","href":"https:\/\/api.w.org\/{rel}","templated":true}]}}