{"id":9221,"date":"2022-10-20T13:44:22","date_gmt":"2022-10-20T11:44:22","guid":{"rendered":"https:\/\/mestro.com\/?p=9221"},"modified":"2023-02-16T09:32:03","modified_gmt":"2023-02-16T08:32:03","slug":"mayakalendern-tog-slut-2012-vi-andra-far-halla-oss-till-2030","status":"publish","type":"post","link":"https:\/\/old.mestro.com\/sv\/artiklar\/mayakalendern-tog-slut-2012-vi-andra-far-halla-oss-till-2030\/","title":{"rendered":"Mayakalendern tog slut 2012 &#8211; Vi andra f\u00e5r h\u00e5lla oss till 2030"},"content":{"rendered":"\n<p>\u00c4ven om underlaget till denna id\u00e9 p\u00e5 senare tid kommit att korrigeras, fanns det en period under 2012 d\u00e5 alla pratade om jordens underg\u00e5ng. Med en marknadsf\u00f6ringskampanj bara Hollywoodfilmer kan erbjuda, k\u00e4nde de flesta till Mayafolkets kalender och (det d\u00e5tida) faktumet att inget tycktes ske efter den 21 December 2012. Inga fler kalenderdagar, inga fler Mayaindianer, ingenting. Den mest uppenbara tolkningen &#8211; f\u00e5ngad i Roland Emmerichs film 2012 &#8211; var att jorden skulle g\u00e5 under.<\/p>\n\n\n\n<p>Om du idag st\u00e4llde dig p\u00e5 gatan f\u00f6r att fr\u00e5ga den slumpm\u00e4ssigt utvalda \u201dvad t\u00e4nker du p\u00e5 n\u00e4r jag s\u00e4ger<em> jordens underg\u00e5ng?\u201d <\/em>s\u00e5 skulle personen troligtvis resonera i termer av klimathot eller k\u00e4rnvapenkrig &#8211; inte Mayafolkets almanacka. Detta m\u00e5ste anses vara ett framsteg, om inte annat f\u00f6r att just dessa hot, beklagligt nog \u00e4r verkliga.&nbsp;<\/p>\n\n\n\n<p>Romaner har och kommer forts\u00e4tta skrivas om artens motvilja till acceptans, den kognitiva dissonansen som stiger ur viljan att r\u00e4dda v\u00e4rlden OCH flyga till Dubai \u2013 sv\u00e5righeten att reagera p\u00e5 n\u00e5got du inte ser varje dag \u2013 politiska l\u00e4ger och oljebolagens lobbyister som med kung Midas mjuka h\u00e4nder masserar v\u00e5ra folkvalda. Men mitt i allt bor ocks\u00e5 hopp, protester, Greta Thunberg, Paris-avtalet och s\u00e5klart <em>Agenda 2030.<\/em><\/p>\n\n\n\n<p>Agenda 2030 \u00e4r en handlingsplan med m\u00e5l f\u00f6r omst\u00e4llningen till ett h\u00e5llbart samh\u00e4lle f\u00f6r planeten. Detta \u00e4r bra! Jag \u00e4lskar agendor med en tydlig m\u00e5lbild f\u00f6r \u00e5ret 2030. Och \u00e5ret 2030 tycks ha satt sig. Joe Biden tar sikte p\u00e5 att halvera koldioxidutsl\u00e4ppen med 50% till 2030. Boris Johnson vill(e) f\u00f6rbjuda f\u00f6rs\u00e4ljningen av bensin- och dieseldrivna bilar till 2030, Justin Trudeau vill se minskade utsl\u00e4pp med 42% till 2030 och Ulf Kristersson vill att transportsektorns utsl\u00e4pp ska reduceras med 70% tills 2030. Och fastighetsv\u00e4rlden \u00e4r inte s\u00e4mre. 2030 tycks vara \u00e5ret d\u00e5 vi alla kan f\u00f6rv\u00e4ntas bo i klimatpositiva bost\u00e4der och solen sj\u00e4lv kommer f\u00e5 en solbr\u00e4nna av reflektionerna fr\u00e5n v\u00e5ra solpaneler. Detta l\u00e5ter bra \u2013 alla framg\u00e5ngsrika prestationer f\u00f6reg\u00e5s av en tydlig m\u00e5lbild.&nbsp;<\/p>\n\n\n\n<p>Men klimatet \u00e4r inte en drake du besegrar p\u00e5 ny\u00e5rsafton 2029 &#8211; klimatet \u00e4r n\u00e5got du m\u00e5ste l\u00e4ra dig att leva med. Vi har r\u00f6kt inomhus v\u00e4ldigt l\u00e4nge och v\u00e5r hyresv\u00e4rd b\u00f6rjar klaga, s\u00e5 vad ska vi g\u00f6ra? Vi ska bli b\u00e4ttre! Vi ska inte r\u00f6ka lika mycket och lika ofta, i alla fall fram tills 2030. F\u00f6r sen ska vi\u2026?<\/p>\n\n\n\n<p>Det \u00e4r kanske fr\u00e5gan metaforiken f\u00f6rs\u00f6ker v\u00e4cka. Hur ser livet ut p\u00e5 andra sidan 2030? Vem v\u00e5gar tala om v\u00e5r framtida livsstil &#8211; inte bara om v\u00e4gen dit? Jag f\u00f6rest\u00e4ller mig att f\u00e5 politiker tittar sig i spegeln inf\u00f6r ett torgm\u00f6te och t\u00e4nker \u201djag ska s\u00e4ga att de m\u00e5ste v\u00e4nja sig vid att \u00e4ta betydligt mindre k\u00f6tt\u201d &#8211; ist\u00e4llet ska k\u00f6ttindustrin reducera sin utsl\u00e4pp f\u00f6re 2030. Lika f\u00e5 vill under en debatt s\u00e4ga \u201datt framtidens generationer kommer inte i ens j\u00e4mf\u00f6rbar utstr\u00e4ckning kunna flyga lika l\u00e4ttvindigt som vi gjort\u201d &#8211; ist\u00e4llet ska transportsektorns utsl\u00e4pp reduceras med 70% f\u00f6re 2030. Med drygt 40% av landets samlade energianv\u00e4ndning f\u00f6rest\u00e4ller jag mig att kanske \u00e4nnu f\u00e4rre vill s\u00e4ga att \u201cfastigheter omedelbart m\u00e5ste effektivisera sin energianv\u00e4ndning\u201d &#8211; ist\u00e4llet s\u00e5\u2026 Ja, du f\u00f6rst\u00e5r.<\/p>\n\n\n\n<p>Att leva b\u00e4ttre &#8211; mer h\u00e5llbart &#8211; gr\u00f6nare, m\u00e5ste vid en viss punkt betraktas som en livsstil, inte ett projekt vars leveransdatum vi likt den mest likgiltiga hantverkaren bara skjuter framf\u00f6r oss.&nbsp;F\u00f6r klimathotet \u00e4r till skillnad fr\u00e5n Mayaindianernas kalender ett verkligt hot och verkliga hot kr\u00e4ver faktiska insikter. De \u00e4r sv\u00e5ra att sv\u00e4lja och sv\u00e5rare att s\u00e4lja men d\u00e4r \u00e4r de likv\u00e4l &#8211; redo f\u00f6r leverans l\u00e5ngt f\u00f6re 2030.&nbsp;<\/p>\n\n\n\n<p>Vi p\u00e5 Mestro hj\u00e4lper med v\u00e5r produktsvit fastighets\u00e4gare att reducera sitt koldioxidavtryck. H\u00e4r och nu.&nbsp; N\u00e4r ett avtal skrivs under \u00e4r m\u00e5lbilden inte f\u00f6rlagt till 2030,&nbsp; utan till imorgon. Det brukar s\u00e4gas att ett problem utan l\u00f6sning \u00e4r en sanning att acceptera. N\u00e4r det kommer till \u00e5ret 2030 k\u00e4nns det stundtals som att idiomet ska l\u00e4sas \u00e5t andra h\u00e5llet. F\u00f6r vi m\u00e5ste acceptera&nbsp; sanningen att vi redan nu har l\u00f6sningar p\u00e5 m\u00e5nga problem.&nbsp;<\/p>\n\n\n\n<p>S\u00e5 l\u00e5t oss b\u00f6rja l\u00f6sa.&nbsp;<\/p>\n","protected":false},"excerpt":{"rendered":"<p>Mellan 9-17 (om vi ska vara helt \u00e4rliga, 7-23) t\u00e4nker, pratar och l\u00e4ser jag om fastighetsbranschen och dess str\u00e4van mot en mer h\u00e5llbar morgondag. Under senare tid har jag fastnat vid vad som skulle kunna beskrivas som ett konceptuellt dilemma \u2013 \u00e4r fastighetsv\u00e4rldens omst\u00e4llning en process eller \u00e4r det ett m\u00e5l? Agenda 2030 influerar alla omr\u00e5den av dagens gr\u00f6na politik, men kan en s\u00e5 pass tydligt utformad m\u00e5lbild ha en negativ inverkan p\u00e5 s\u00e4ttet vi betraktar ett problem? Vad som \u00e4n h\u00e4nder, undrar jag vad som sker den f\u00f6rsta januari 2031? fr\u00e5gar sig Axel Stenbom.<\/p>\n","protected":false},"author":5,"featured_media":9222,"comment_status":"closed","ping_status":"open","sticky":false,"template":"","format":"standard","meta":{"_acf_changed":false,"_eb_attr":"","content-type":"","inline_featured_image":false,"footnotes":""},"categories":[14],"tags":[],"class_list":["post-9221","post","type-post","status-publish","format-standard","has-post-thumbnail","hentry","category-artiklar"],"acf":[],"yoast_head":"<!-- This site is optimized with the Yoast SEO plugin v25.8 - https:\/\/yoast.com\/wordpress\/plugins\/seo\/ -->\n<title>Mayakalendern tog slut 2012 - Vi andra f\u00e5r h\u00e5lla oss till 2030 &#8226; Mestro<\/title>\n<meta name=\"description\" content=\"Att leva mer h\u00e5llbart m\u00e5ste vid en viss punkt betraktas som en livsstil, inte ett projekt vars leveransdatum vi bara skjuter framf\u00f6r oss.\" \/>\n<meta name=\"robots\" content=\"index, follow, max-snippet:-1, max-image-preview:large, max-video-preview:-1\" \/>\n<link rel=\"canonical\" href=\"https:\/\/old.mestro.com\/sv\/artiklar\/mayakalendern-tog-slut-2012-vi-andra-far-halla-oss-till-2030\/\" \/>\n<meta property=\"og:locale\" content=\"sv_SE\" \/>\n<meta property=\"og:type\" content=\"article\" \/>\n<meta property=\"og:title\" content=\"Mayakalendern tog slut 2012 - Vi andra f\u00e5r h\u00e5lla oss till 2030 &#8226; Mestro\" \/>\n<meta property=\"og:description\" content=\"Att leva mer h\u00e5llbart m\u00e5ste vid en viss punkt betraktas som en livsstil, inte ett projekt vars leveransdatum vi bara skjuter framf\u00f6r oss.\" \/>\n<meta property=\"og:url\" content=\"https:\/\/old.mestro.com\/sv\/artiklar\/mayakalendern-tog-slut-2012-vi-andra-far-halla-oss-till-2030\/\" \/>\n<meta property=\"og:site_name\" content=\"Mestro\" \/>\n<meta property=\"article:publisher\" content=\"https:\/\/www.facebook.com\/spendlessenergy\" \/>\n<meta property=\"article:published_time\" content=\"2022-10-20T11:44:22+00:00\" \/>\n<meta property=\"article:modified_time\" content=\"2023-02-16T08:32:03+00:00\" \/>\n<meta property=\"og:image\" content=\"https:\/\/old.mestro.com\/wp-content\/uploads\/2022\/10\/Mayakalendern.png\" \/>\n\t<meta property=\"og:image:width\" content=\"1200\" \/>\n\t<meta property=\"og:image:height\" content=\"630\" \/>\n\t<meta property=\"og:image:type\" content=\"image\/png\" \/>\n<meta name=\"author\" content=\"Axel Stenbom\" \/>\n<meta name=\"twitter:card\" content=\"summary_large_image\" \/>\n<meta name=\"twitter:label1\" content=\"Skriven av\" \/>\n\t<meta name=\"twitter:data1\" content=\"Axel Stenbom\" \/>\n\t<meta name=\"twitter:label2\" content=\"Ber\u00e4knad l\u00e4stid\" \/>\n\t<meta name=\"twitter:data2\" content=\"4 minuter\" \/>\n<script type=\"application\/ld+json\" class=\"yoast-schema-graph\">{\"@context\":\"https:\/\/schema.org\",\"@graph\":[{\"@type\":\"Article\",\"@id\":\"https:\/\/old.mestro.com\/sv\/artiklar\/mayakalendern-tog-slut-2012-vi-andra-far-halla-oss-till-2030\/#article\",\"isPartOf\":{\"@id\":\"https:\/\/old.mestro.com\/sv\/artiklar\/mayakalendern-tog-slut-2012-vi-andra-far-halla-oss-till-2030\/\"},\"author\":{\"name\":\"Axel Stenbom\",\"@id\":\"https:\/\/old.mestro.com\/sv\/#\/schema\/person\/bd456442aff9767efb1513c38c371b0d\"},\"headline\":\"Mayakalendern tog slut 2012 &#8211; Vi andra f\u00e5r h\u00e5lla oss till 2030\",\"datePublished\":\"2022-10-20T11:44:22+00:00\",\"dateModified\":\"2023-02-16T08:32:03+00:00\",\"mainEntityOfPage\":{\"@id\":\"https:\/\/old.mestro.com\/sv\/artiklar\/mayakalendern-tog-slut-2012-vi-andra-far-halla-oss-till-2030\/\"},\"wordCount\":792,\"publisher\":{\"@id\":\"https:\/\/old.mestro.com\/sv\/#organization\"},\"image\":{\"@id\":\"https:\/\/old.mestro.com\/sv\/artiklar\/mayakalendern-tog-slut-2012-vi-andra-far-halla-oss-till-2030\/#primaryimage\"},\"thumbnailUrl\":\"https:\/\/old.mestro.com\/wp-content\/uploads\/2022\/10\/Mayakalendern.png\",\"articleSection\":[\"Artiklar\"],\"inLanguage\":\"sv-SE\"},{\"@type\":\"WebPage\",\"@id\":\"https:\/\/old.mestro.com\/sv\/artiklar\/mayakalendern-tog-slut-2012-vi-andra-far-halla-oss-till-2030\/\",\"url\":\"https:\/\/old.mestro.com\/sv\/artiklar\/mayakalendern-tog-slut-2012-vi-andra-far-halla-oss-till-2030\/\",\"name\":\"Mayakalendern tog slut 2012 - Vi andra f\u00e5r h\u00e5lla oss till 2030 &#8226; Mestro\",\"isPartOf\":{\"@id\":\"https:\/\/old.mestro.com\/sv\/#website\"},\"primaryImageOfPage\":{\"@id\":\"https:\/\/old.mestro.com\/sv\/artiklar\/mayakalendern-tog-slut-2012-vi-andra-far-halla-oss-till-2030\/#primaryimage\"},\"image\":{\"@id\":\"https:\/\/old.mestro.com\/sv\/artiklar\/mayakalendern-tog-slut-2012-vi-andra-far-halla-oss-till-2030\/#primaryimage\"},\"thumbnailUrl\":\"https:\/\/old.mestro.com\/wp-content\/uploads\/2022\/10\/Mayakalendern.png\",\"datePublished\":\"2022-10-20T11:44:22+00:00\",\"dateModified\":\"2023-02-16T08:32:03+00:00\",\"description\":\"Att leva mer h\u00e5llbart m\u00e5ste vid en viss punkt betraktas som en livsstil, inte ett projekt vars leveransdatum vi bara skjuter framf\u00f6r oss.\",\"breadcrumb\":{\"@id\":\"https:\/\/old.mestro.com\/sv\/artiklar\/mayakalendern-tog-slut-2012-vi-andra-far-halla-oss-till-2030\/#breadcrumb\"},\"inLanguage\":\"sv-SE\",\"potentialAction\":[{\"@type\":\"ReadAction\",\"target\":[\"https:\/\/old.mestro.com\/sv\/artiklar\/mayakalendern-tog-slut-2012-vi-andra-far-halla-oss-till-2030\/\"]}]},{\"@type\":\"ImageObject\",\"inLanguage\":\"sv-SE\",\"@id\":\"https:\/\/old.mestro.com\/sv\/artiklar\/mayakalendern-tog-slut-2012-vi-andra-far-halla-oss-till-2030\/#primaryimage\",\"url\":\"https:\/\/old.mestro.com\/wp-content\/uploads\/2022\/10\/Mayakalendern.png\",\"contentUrl\":\"https:\/\/old.mestro.com\/wp-content\/uploads\/2022\/10\/Mayakalendern.png\",\"width\":1200,\"height\":630,\"caption\":\"Vad h\u00e4nder efter \u00e5r 2030?\"},{\"@type\":\"BreadcrumbList\",\"@id\":\"https:\/\/old.mestro.com\/sv\/artiklar\/mayakalendern-tog-slut-2012-vi-andra-far-halla-oss-till-2030\/#breadcrumb\",\"itemListElement\":[{\"@type\":\"ListItem\",\"position\":1,\"name\":\"Hem\",\"item\":\"https:\/\/old.mestro.com\/sv\/\"},{\"@type\":\"ListItem\",\"position\":2,\"name\":\"Mayakalendern tog slut 2012 &#8211; Vi andra f\u00e5r h\u00e5lla oss till 2030\"}]},{\"@type\":\"WebSite\",\"@id\":\"https:\/\/old.mestro.com\/sv\/#website\",\"url\":\"https:\/\/old.mestro.com\/sv\/\",\"name\":\"Mestro\",\"description\":\"Automatiserad energiuppf\u00f6ljning\",\"publisher\":{\"@id\":\"https:\/\/old.mestro.com\/sv\/#organization\"},\"potentialAction\":[{\"@type\":\"SearchAction\",\"target\":{\"@type\":\"EntryPoint\",\"urlTemplate\":\"https:\/\/old.mestro.com\/sv\/?s={search_term_string}\"},\"query-input\":{\"@type\":\"PropertyValueSpecification\",\"valueRequired\":true,\"valueName\":\"search_term_string\"}}],\"inLanguage\":\"sv-SE\"},{\"@type\":\"Organization\",\"@id\":\"https:\/\/old.mestro.com\/sv\/#organization\",\"name\":\"Mestro\",\"url\":\"https:\/\/old.mestro.com\/sv\/\",\"logo\":{\"@type\":\"ImageObject\",\"inLanguage\":\"sv-SE\",\"@id\":\"https:\/\/old.mestro.com\/sv\/#\/schema\/logo\/image\/\",\"url\":\"https:\/\/mestro.com\/wp-content\/uploads\/2021\/02\/cropped-favicon.png\",\"contentUrl\":\"https:\/\/mestro.com\/wp-content\/uploads\/2021\/02\/cropped-favicon.png\",\"width\":512,\"height\":512,\"caption\":\"Mestro\"},\"image\":{\"@id\":\"https:\/\/old.mestro.com\/sv\/#\/schema\/logo\/image\/\"},\"sameAs\":[\"https:\/\/www.facebook.com\/spendlessenergy\",\"https:\/\/www.instagram.com\/lifeatmestro\/\",\"https:\/\/www.linkedin.com\/company\/mestro\",\"https:\/\/www.youtube.com\/channel\/UCfMpb7hUwvgwdUYzvntBSzg\"]},{\"@type\":\"Person\",\"@id\":\"https:\/\/old.mestro.com\/sv\/#\/schema\/person\/bd456442aff9767efb1513c38c371b0d\",\"name\":\"Axel Stenbom\",\"image\":{\"@type\":\"ImageObject\",\"inLanguage\":\"sv-SE\",\"@id\":\"https:\/\/old.mestro.com\/sv\/#\/schema\/person\/image\/\",\"url\":\"https:\/\/secure.gravatar.com\/avatar\/ce805942405e3889fa609ea0f1e497b495ebf28cabdf35cac8fb25bd2f9caa1d?s=96&d=mm&r=g\",\"contentUrl\":\"https:\/\/secure.gravatar.com\/avatar\/ce805942405e3889fa609ea0f1e497b495ebf28cabdf35cac8fb25bd2f9caa1d?s=96&d=mm&r=g\",\"caption\":\"Axel Stenbom\"}}]}<\/script>\n<!-- \/ Yoast SEO plugin. -->","yoast_head_json":{"title":"Mayakalendern tog slut 2012 - Vi andra f\u00e5r h\u00e5lla oss till 2030 &#8226; Mestro","description":"Att leva mer h\u00e5llbart m\u00e5ste vid en viss punkt betraktas som en livsstil, inte ett projekt vars leveransdatum vi bara skjuter framf\u00f6r oss.","robots":{"index":"index","follow":"follow","max-snippet":"max-snippet:-1","max-image-preview":"max-image-preview:large","max-video-preview":"max-video-preview:-1"},"canonical":"https:\/\/old.mestro.com\/sv\/artiklar\/mayakalendern-tog-slut-2012-vi-andra-far-halla-oss-till-2030\/","og_locale":"sv_SE","og_type":"article","og_title":"Mayakalendern tog slut 2012 - Vi andra f\u00e5r h\u00e5lla oss till 2030 &#8226; Mestro","og_description":"Att leva mer h\u00e5llbart m\u00e5ste vid en viss punkt betraktas som en livsstil, inte ett projekt vars leveransdatum vi bara skjuter framf\u00f6r oss.","og_url":"https:\/\/old.mestro.com\/sv\/artiklar\/mayakalendern-tog-slut-2012-vi-andra-far-halla-oss-till-2030\/","og_site_name":"Mestro","article_publisher":"https:\/\/www.facebook.com\/spendlessenergy","article_published_time":"2022-10-20T11:44:22+00:00","article_modified_time":"2023-02-16T08:32:03+00:00","og_image":[{"width":1200,"height":630,"url":"https:\/\/old.mestro.com\/wp-content\/uploads\/2022\/10\/Mayakalendern.png","type":"image\/png"}],"author":"Axel Stenbom","twitter_card":"summary_large_image","twitter_misc":{"Skriven av":"Axel Stenbom","Ber\u00e4knad l\u00e4stid":"4 minuter"},"schema":{"@context":"https:\/\/schema.org","@graph":[{"@type":"Article","@id":"https:\/\/old.mestro.com\/sv\/artiklar\/mayakalendern-tog-slut-2012-vi-andra-far-halla-oss-till-2030\/#article","isPartOf":{"@id":"https:\/\/old.mestro.com\/sv\/artiklar\/mayakalendern-tog-slut-2012-vi-andra-far-halla-oss-till-2030\/"},"author":{"name":"Axel Stenbom","@id":"https:\/\/old.mestro.com\/sv\/#\/schema\/person\/bd456442aff9767efb1513c38c371b0d"},"headline":"Mayakalendern tog slut 2012 &#8211; Vi andra f\u00e5r h\u00e5lla oss till 2030","datePublished":"2022-10-20T11:44:22+00:00","dateModified":"2023-02-16T08:32:03+00:00","mainEntityOfPage":{"@id":"https:\/\/old.mestro.com\/sv\/artiklar\/mayakalendern-tog-slut-2012-vi-andra-far-halla-oss-till-2030\/"},"wordCount":792,"publisher":{"@id":"https:\/\/old.mestro.com\/sv\/#organization"},"image":{"@id":"https:\/\/old.mestro.com\/sv\/artiklar\/mayakalendern-tog-slut-2012-vi-andra-far-halla-oss-till-2030\/#primaryimage"},"thumbnailUrl":"https:\/\/old.mestro.com\/wp-content\/uploads\/2022\/10\/Mayakalendern.png","articleSection":["Artiklar"],"inLanguage":"sv-SE"},{"@type":"WebPage","@id":"https:\/\/old.mestro.com\/sv\/artiklar\/mayakalendern-tog-slut-2012-vi-andra-far-halla-oss-till-2030\/","url":"https:\/\/old.mestro.com\/sv\/artiklar\/mayakalendern-tog-slut-2012-vi-andra-far-halla-oss-till-2030\/","name":"Mayakalendern tog slut 2012 - Vi andra f\u00e5r h\u00e5lla oss till 2030 &#8226; Mestro","isPartOf":{"@id":"https:\/\/old.mestro.com\/sv\/#website"},"primaryImageOfPage":{"@id":"https:\/\/old.mestro.com\/sv\/artiklar\/mayakalendern-tog-slut-2012-vi-andra-far-halla-oss-till-2030\/#primaryimage"},"image":{"@id":"https:\/\/old.mestro.com\/sv\/artiklar\/mayakalendern-tog-slut-2012-vi-andra-far-halla-oss-till-2030\/#primaryimage"},"thumbnailUrl":"https:\/\/old.mestro.com\/wp-content\/uploads\/2022\/10\/Mayakalendern.png","datePublished":"2022-10-20T11:44:22+00:00","dateModified":"2023-02-16T08:32:03+00:00","description":"Att leva mer h\u00e5llbart m\u00e5ste vid en viss punkt betraktas som en livsstil, inte ett projekt vars leveransdatum vi bara skjuter framf\u00f6r oss.","breadcrumb":{"@id":"https:\/\/old.mestro.com\/sv\/artiklar\/mayakalendern-tog-slut-2012-vi-andra-far-halla-oss-till-2030\/#breadcrumb"},"inLanguage":"sv-SE","potentialAction":[{"@type":"ReadAction","target":["https:\/\/old.mestro.com\/sv\/artiklar\/mayakalendern-tog-slut-2012-vi-andra-far-halla-oss-till-2030\/"]}]},{"@type":"ImageObject","inLanguage":"sv-SE","@id":"https:\/\/old.mestro.com\/sv\/artiklar\/mayakalendern-tog-slut-2012-vi-andra-far-halla-oss-till-2030\/#primaryimage","url":"https:\/\/old.mestro.com\/wp-content\/uploads\/2022\/10\/Mayakalendern.png","contentUrl":"https:\/\/old.mestro.com\/wp-content\/uploads\/2022\/10\/Mayakalendern.png","width":1200,"height":630,"caption":"Vad h\u00e4nder efter \u00e5r 2030?"},{"@type":"BreadcrumbList","@id":"https:\/\/old.mestro.com\/sv\/artiklar\/mayakalendern-tog-slut-2012-vi-andra-far-halla-oss-till-2030\/#breadcrumb","itemListElement":[{"@type":"ListItem","position":1,"name":"Hem","item":"https:\/\/old.mestro.com\/sv\/"},{"@type":"ListItem","position":2,"name":"Mayakalendern tog slut 2012 &#8211; Vi andra f\u00e5r h\u00e5lla oss till 2030"}]},{"@type":"WebSite","@id":"https:\/\/old.mestro.com\/sv\/#website","url":"https:\/\/old.mestro.com\/sv\/","name":"Mestro","description":"Automatiserad energiuppf\u00f6ljning","publisher":{"@id":"https:\/\/old.mestro.com\/sv\/#organization"},"potentialAction":[{"@type":"SearchAction","target":{"@type":"EntryPoint","urlTemplate":"https:\/\/old.mestro.com\/sv\/?s={search_term_string}"},"query-input":{"@type":"PropertyValueSpecification","valueRequired":true,"valueName":"search_term_string"}}],"inLanguage":"sv-SE"},{"@type":"Organization","@id":"https:\/\/old.mestro.com\/sv\/#organization","name":"Mestro","url":"https:\/\/old.mestro.com\/sv\/","logo":{"@type":"ImageObject","inLanguage":"sv-SE","@id":"https:\/\/old.mestro.com\/sv\/#\/schema\/logo\/image\/","url":"https:\/\/mestro.com\/wp-content\/uploads\/2021\/02\/cropped-favicon.png","contentUrl":"https:\/\/mestro.com\/wp-content\/uploads\/2021\/02\/cropped-favicon.png","width":512,"height":512,"caption":"Mestro"},"image":{"@id":"https:\/\/old.mestro.com\/sv\/#\/schema\/logo\/image\/"},"sameAs":["https:\/\/www.facebook.com\/spendlessenergy","https:\/\/www.instagram.com\/lifeatmestro\/","https:\/\/www.linkedin.com\/company\/mestro","https:\/\/www.youtube.com\/channel\/UCfMpb7hUwvgwdUYzvntBSzg"]},{"@type":"Person","@id":"https:\/\/old.mestro.com\/sv\/#\/schema\/person\/bd456442aff9767efb1513c38c371b0d","name":"Axel Stenbom","image":{"@type":"ImageObject","inLanguage":"sv-SE","@id":"https:\/\/old.mestro.com\/sv\/#\/schema\/person\/image\/","url":"https:\/\/secure.gravatar.com\/avatar\/ce805942405e3889fa609ea0f1e497b495ebf28cabdf35cac8fb25bd2f9caa1d?s=96&d=mm&r=g","contentUrl":"https:\/\/secure.gravatar.com\/avatar\/ce805942405e3889fa609ea0f1e497b495ebf28cabdf35cac8fb25bd2f9caa1d?s=96&d=mm&r=g","caption":"Axel Stenbom"}}]}},"_links":{"self":[{"href":"https:\/\/old.mestro.com\/sv\/wp-json\/wp\/v2\/posts\/9221","targetHints":{"allow":["GET"]}}],"collection":[{"href":"https:\/\/old.mestro.com\/sv\/wp-json\/wp\/v2\/posts"}],"about":[{"href":"https:\/\/old.mestro.com\/sv\/wp-json\/wp\/v2\/types\/post"}],"author":[{"embeddable":true,"href":"https:\/\/old.mestro.com\/sv\/wp-json\/wp\/v2\/users\/5"}],"replies":[{"embeddable":true,"href":"https:\/\/old.mestro.com\/sv\/wp-json\/wp\/v2\/comments?post=9221"}],"version-history":[{"count":5,"href":"https:\/\/old.mestro.com\/sv\/wp-json\/wp\/v2\/posts\/9221\/revisions"}],"predecessor-version":[{"id":9939,"href":"https:\/\/old.mestro.com\/sv\/wp-json\/wp\/v2\/posts\/9221\/revisions\/9939"}],"wp:featuredmedia":[{"embeddable":true,"href":"https:\/\/old.mestro.com\/sv\/wp-json\/wp\/v2\/media\/9222"}],"wp:attachment":[{"href":"https:\/\/old.mestro.com\/sv\/wp-json\/wp\/v2\/media?parent=9221"}],"wp:term":[{"taxonomy":"category","embeddable":true,"href":"https:\/\/old.mestro.com\/sv\/wp-json\/wp\/v2\/categories?post=9221"},{"taxonomy":"post_tag","embeddable":true,"href":"https:\/\/old.mestro.com\/sv\/wp-json\/wp\/v2\/tags?post=9221"}],"curies":[{"name":"wp","href":"https:\/\/api.w.org\/{rel}","templated":true}]}}