{"id":9249,"date":"2022-10-24T13:04:52","date_gmt":"2022-10-24T11:04:52","guid":{"rendered":"https:\/\/mestro.com\/?p=9249"},"modified":"2022-11-08T15:00:57","modified_gmt":"2022-11-08T14:00:57","slug":"solelen-gar-som-taget-men-hur-bra-ar-ralsen","status":"publish","type":"post","link":"https:\/\/old.mestro.com\/sv\/artiklar\/solelen-gar-som-taget-men-hur-bra-ar-ralsen\/","title":{"rendered":"Solelen g\u00e5r som t\u00e5get &#8211; men hur bra \u00e4r r\u00e4lsen?"},"content":{"rendered":"\n<p><strong>Soliga nyheter<\/strong><\/p>\n\n\n\n<p>Europeiska Unionen best\u00e5r av 27 medlemmar. 18 av dessa slog mellan maj och augusti&nbsp; nya rekord i sin solelproduktion. Faktumet att s\u00e5 mycket solel producerades att EU kunde reducera sina kostnader f\u00f6r gasimport med 29 miljarder, en siffra som samtidigt kan ses som ett ekonomiskt underminerade av Rysslands geopolitiska spel.&nbsp;<\/p>\n\n\n\n<p>Mellan 2020 och 2021 \u00f6kade den totala effekten av solceller i Sverige med 46 procent, en siffra som vittnar om en minst sagt lovande riktning. En chockh\u00f6jning av elpriser, oro inf\u00f6r kriget och ett \u00f6kat engagemang f\u00f6r milj\u00f6n har gjort att solcellsproducenter, som redan tidigare haft uppskalningstakt p\u00e5 60-80 procent per \u00e5r, nu ser en \u00f6kad efterfr\u00e5gan. En efterfr\u00e5gan som inte bara syns i Sverige utan \u00f6ver hela Europa.<\/p>\n\n\n\n<p>Olika myndigheter har olika prognoser om <em>hur<\/em> mycket mer solel vi i Sverige kommer producera. Energimyndigheten tror att vi \u00e5r 2050 kommer leverera 8-11 TWh medan Svenska Kraftn\u00e4t tror att siffran kan uppg\u00e5 till hela 28 TWh. Vilken roll solelen kommer spela \u00e4r med andra ord inte helt l\u00e4tt att s\u00e4ga. N\u00e5got som g\u00e5r att s\u00e4ga \u00e4r att rollen kommer att v\u00e4xa.&nbsp;<\/p>\n\n\n\n<p><strong>Samtal f\u00f6r att mildra v\u00e4xtv\u00e4rk<\/strong><\/p>\n\n\n\n<p>Och det som sig b\u00f6r! I j\u00e4mf\u00f6relse med v\u00e5ra europeiska grannar spelar n\u00e4mligen solelen en mindre roll i v\u00e5r energibas. Solelen st\u00e5r idag f\u00f6r en knapp procent av landets elproduktion, att j\u00e4mf\u00f6ras med Danmarks 3 procent och Tysklands 10 procent. Detta b\u00f6r inte n\u00f6dv\u00e4ndigtvis betraktas som ett misslyckande utan som en minst sagt sp\u00e4nnande utvecklingspotential. Men f\u00f6r att denna potential ska kunna utnyttjas \u2013 f\u00f6r att solelen ska f\u00e5 en st\u00f6rre plats i den svenska elbasen \u2013 kr\u00e4vs mer \u00e4n nya best\u00e4llningar. Det kr\u00e4vs nya samtal.<\/p>\n\n\n\n<p>Samtal som inte bara ber\u00f6r samtidens utmaningar, utan framtidens. Vi beh\u00f6ver prata om s\u00e4ttet vi kombinerar jordbruk och solenergi. Vi beh\u00f6ver tala om hur solceller ska anpassas till trubbigare terr\u00e4ng, inte bara till landets s\u00f6dra platta delar. Vi beh\u00f6ver tala om beskattningen av egenanv\u00e4nd solel och kraven p\u00e5 \u00f6verf\u00f6ringens n\u00e4tkoncession. Vi beh\u00f6ver diskutera produktionen av solceller, vart den kommer ifr\u00e5n och hur vi s\u00e4kerst\u00e4ller arbetsf\u00f6rh\u00e5llanden som ligger i linje med en svensk standard. Men precis som att du inte b\u00f6rjar bygga ett hus utan en bottenplatta, beh\u00f6ver vi kanske f\u00f6rst s\u00e4kerst\u00e4lla att den digitala infrastrukturen h\u00e5ller inf\u00f6r f\u00e4rden vi tycks vara redo att p\u00e5b\u00f6rja.<\/p>\n\n\n\n<p>F\u00f6r det \u00e4r v\u00e5r i solelens f\u00f6rlovade land och nya installationsbolag sl\u00e5r likt maskrosor dagligen upp ur marken. Detta \u00e4r bra men hur kan vi s\u00e4kerst\u00e4lla att uppf\u00f6ljningen de tillhandah\u00e5ller \u00e4r en tillr\u00e4ckligt bra r\u00e4ls f\u00f6r solelens resa fram\u00e5t? F\u00f6r utan en aktiv uppf\u00f6ljning blir solpanelerna p\u00e5 taket i v\u00e4rsta fall symboliska.&nbsp;<\/p>\n\n\n\n<p><strong>Enkelheten segrar alltid<\/strong><\/p>\n\n\n\n<p>Det svenska fastighetsbest\u00e5ndet synligg\u00f6r b\u00e5de m\u00f6jligheterna och de strategiska pucklarna p\u00e5 solelens resa fram\u00e5t. Takets platta terr\u00e4ng och ofta osynliga n\u00e4rvaro i m\u00e4nniskors liv \u00e4r en fantastisk plats f\u00f6r energiutvinning. Men f\u00f6r att denna utvinning ska fungera smidigt beh\u00f6vs ett lika smidigt s\u00e4tt att utv\u00e4rdera solcellernas effekt.&nbsp;<\/p>\n\n\n\n<p>F\u00f6rest\u00e4ll dig en fastighets\u00e4gare med ett progressivt f\u00f6rh\u00e5llningss\u00e4tt till framtidens energilandskap. P\u00e5 50 av sina fastigheter har solceller installerats. Detta \u00e4r bra. Men solcellerna kommer fr\u00e5n olika tillverkare med unika v\u00e4xelriktare och egna system f\u00f6r uppf\u00f6ljning. P\u00e5 toppen av detta erbjuder mjukvarubolagen en bred variation av datauppl\u00f6sning. Insamlingen, bearbetningen och presentationen av solcellsdata \u00e4r n\u00e5got fastighets\u00e4garen beh\u00f6ver f\u00f6r att kunna utvinna en f\u00f6rst\u00e5else f\u00f6r sin egen produktion. Vad fastighets\u00e4garen <em>inte <\/em>beh\u00f6ver \u00e4r att h\u00e4mta denna f\u00f6rst\u00e5else fr\u00e5n en m\u00e4ngd olika platser, med en varierande grad av uppl\u00f6sning. Att detta ofta \u00e4r fallet resulterar i en splittrad f\u00f6rst\u00e5else som f\u00f6rsv\u00e5rar strategiska \u00e5tg\u00e4rder.&nbsp;<\/p>\n\n\n\n<p><strong>Att f\u00f6reg\u00e5 med gott exempel<\/strong><\/p>\n\n\n\n<p>Bolag som LUMA Energy bygger sin verksamhet p\u00e5 tron att uppf\u00f6ljningen av solelsproduktionen \u00e4r lika viktigt som solcellerna sj\u00e4lva. Ut\u00f6ver att utveckla solcellsanl\u00e4ggningar har f\u00f6retaget profilerat sig genom att samla in data fr\u00e5n <em>alla<\/em> aktuella v\u00e4xelriktare p\u00e5 marknaden, varp\u00e5 de analyserar och presenterar datan p\u00e5 en och samma plats, detta utan att n\u00e5gonsin kompromissa med datauppl\u00f6sningen. Detta erbjuder fastighets\u00e4garen en plattform av fullst\u00e4ndig \u00f6versikt och en s\u00e5dan \u00e4r n\u00f6dv\u00e4ndig f\u00f6r att kunna fatta strategiska beslut, inte bara om framtida solcellsanl\u00e4ggningar utan om sin egen elhandel. Det \u00e4r att g\u00f6ra solenergi enkelt och enkelt m\u00e5ste det vara f\u00f6r att kunna utvecklas.<\/p>\n\n\n\n<p>Framtiden kommer st\u00e4lla krav p\u00e5 fastighets\u00e4gare, detta d\u00e5 vi befinner oss i ett kulturellt paradigm d\u00e4r vi tillsammans tagit sikte p\u00e5 en h\u00e5llbar energianv\u00e4ndning. I fallet solenergi handlar detta om en skyldighet att kommunicera <em>hur<\/em>, <em>var<\/em> och <em>n\u00e4r<\/em> du anv\u00e4nder din solel. Detta kr\u00e4ver insikter, insikter som LUMA Energy erbjuder sina kunder. Denna typ av s\u00f6ml\u00f6s integrering, som nu \u00e4ven tillhandah\u00e5lls i Mestro Portal, \u00e4r n\u00f6dv\u00e4ndig f\u00f6r att m\u00f6jligg\u00f6ra solelens tillv\u00e4xt. En oumb\u00e4rlig tillv\u00e4xt, inte bara f\u00f6r fastighets\u00e4garen utan alla som vill leva i ett f\u00f6rnybart energilandskap.&nbsp;<\/p>\n\n\n\n<p>Det vill vi. Oavsett vilken v\u00e4g vi tar och hur l\u00e5ng resan f\u00f6rv\u00e4ntas bli, vill vi alla till ett h\u00e5llbart energil\u00e4ge och i ett s\u00e5dant m\u00e5ste solenergin finnas. I en tid d\u00e4r elmarknaden pr\u00e4glas av os\u00e4kerhet och alla uppmuntras energieffektivisera, f\u00e5r vi inte gl\u00f6mma bort att effektivisering bara \u00e4r ett vackert ord utan uppf\u00f6ljning. Samma sanning kommer pr\u00e4gla morgondagens energil\u00e4ge. D\u00e4rf\u00f6r m\u00e5ste uppf\u00f6ljningen utvecklas i samma takt som solcellerna. Vi m\u00e5ste ta sikte p\u00e5 en digital infrastruktur som maximerar solcellernas nytta.&nbsp;<\/p>\n\n\n\n<p>F\u00f6r om vi inte v\u00e5gar sikta tillr\u00e4ckligt h\u00f6gt kommer vi troligtvis missa solen.&nbsp;<\/p>\n","protected":false},"excerpt":{"rendered":"<p>Vi lever i solenergins tid. En tid av innovation, ambition och f\u00f6r\u00e4nderliga f\u00f6ruts\u00e4ttningar.  Den tekniska utvecklingen har blivit tillr\u00e4ckligt sofistikerad f\u00f6r att inte bara g\u00f6ra solceller till en h\u00e5llbar aff\u00e4r, utan en l\u00f6nsam. Solelen g\u00e5r med andra ord som t\u00e5get men \u00e4r vi s\u00e4kra p\u00e5 att vi lagt tillr\u00e4ckligt bra r\u00e4ls?<\/p>\n","protected":false},"author":5,"featured_media":9339,"comment_status":"closed","ping_status":"open","sticky":false,"template":"","format":"standard","meta":{"_acf_changed":false,"_eb_attr":"","content-type":"","inline_featured_image":false,"footnotes":""},"categories":[14],"tags":[],"class_list":["post-9249","post","type-post","status-publish","format-standard","has-post-thumbnail","hentry","category-artiklar"],"acf":[],"yoast_head":"<!-- This site is optimized with the Yoast SEO plugin v25.8 - https:\/\/yoast.com\/wordpress\/plugins\/seo\/ -->\n<title>Solelen g\u00e5r som t\u00e5get - men hur bra \u00e4r r\u00e4lsen? &#8226; Mestro<\/title>\n<meta name=\"description\" content=\"Den tekniska utvecklingen har blivit tillr\u00e4ckligt sofistikerad f\u00f6r att inte bara g\u00f6ra solceller till en h\u00e5llbar aff\u00e4r, utan en l\u00f6nsam.\" \/>\n<meta name=\"robots\" content=\"index, follow, max-snippet:-1, max-image-preview:large, max-video-preview:-1\" \/>\n<link rel=\"canonical\" href=\"https:\/\/old.mestro.com\/sv\/artiklar\/solelen-gar-som-taget-men-hur-bra-ar-ralsen\/\" \/>\n<meta property=\"og:locale\" content=\"sv_SE\" \/>\n<meta property=\"og:type\" content=\"article\" \/>\n<meta property=\"og:title\" content=\"Solelen g\u00e5r som t\u00e5get - men hur bra \u00e4r r\u00e4lsen? &#8226; Mestro\" \/>\n<meta property=\"og:description\" content=\"Den tekniska utvecklingen har blivit tillr\u00e4ckligt sofistikerad f\u00f6r att inte bara g\u00f6ra solceller till en h\u00e5llbar aff\u00e4r, utan en l\u00f6nsam.\" \/>\n<meta property=\"og:url\" content=\"https:\/\/old.mestro.com\/sv\/artiklar\/solelen-gar-som-taget-men-hur-bra-ar-ralsen\/\" \/>\n<meta property=\"og:site_name\" content=\"Mestro\" \/>\n<meta property=\"article:publisher\" content=\"https:\/\/www.facebook.com\/spendlessenergy\" \/>\n<meta property=\"article:published_time\" content=\"2022-10-24T11:04:52+00:00\" \/>\n<meta property=\"article:modified_time\" content=\"2022-11-08T14:00:57+00:00\" \/>\n<meta property=\"og:image\" content=\"https:\/\/old.mestro.com\/wp-content\/uploads\/2022\/10\/Vem-la\u0308gger-ra\u0308lsen2.png\" \/>\n\t<meta property=\"og:image:width\" content=\"1200\" \/>\n\t<meta property=\"og:image:height\" content=\"630\" \/>\n\t<meta property=\"og:image:type\" content=\"image\/png\" \/>\n<meta name=\"author\" content=\"Axel Stenbom\" \/>\n<meta name=\"twitter:card\" content=\"summary_large_image\" \/>\n<meta name=\"twitter:label1\" content=\"Skriven av\" \/>\n\t<meta name=\"twitter:data1\" content=\"Axel Stenbom\" \/>\n\t<meta name=\"twitter:label2\" content=\"Ber\u00e4knad l\u00e4stid\" \/>\n\t<meta name=\"twitter:data2\" content=\"4 minuter\" \/>\n<script type=\"application\/ld+json\" class=\"yoast-schema-graph\">{\"@context\":\"https:\/\/schema.org\",\"@graph\":[{\"@type\":\"Article\",\"@id\":\"https:\/\/old.mestro.com\/sv\/artiklar\/solelen-gar-som-taget-men-hur-bra-ar-ralsen\/#article\",\"isPartOf\":{\"@id\":\"https:\/\/old.mestro.com\/sv\/artiklar\/solelen-gar-som-taget-men-hur-bra-ar-ralsen\/\"},\"author\":{\"name\":\"Axel Stenbom\",\"@id\":\"https:\/\/old.mestro.com\/sv\/#\/schema\/person\/bd456442aff9767efb1513c38c371b0d\"},\"headline\":\"Solelen g\u00e5r som t\u00e5get &#8211; men hur bra \u00e4r r\u00e4lsen?\",\"datePublished\":\"2022-10-24T11:04:52+00:00\",\"dateModified\":\"2022-11-08T14:00:57+00:00\",\"mainEntityOfPage\":{\"@id\":\"https:\/\/old.mestro.com\/sv\/artiklar\/solelen-gar-som-taget-men-hur-bra-ar-ralsen\/\"},\"wordCount\":1066,\"publisher\":{\"@id\":\"https:\/\/old.mestro.com\/sv\/#organization\"},\"image\":{\"@id\":\"https:\/\/old.mestro.com\/sv\/artiklar\/solelen-gar-som-taget-men-hur-bra-ar-ralsen\/#primaryimage\"},\"thumbnailUrl\":\"https:\/\/old.mestro.com\/wp-content\/uploads\/2022\/10\/Vem-la\u0308gger-ra\u0308lsen2.png\",\"articleSection\":[\"Artiklar\"],\"inLanguage\":\"sv-SE\"},{\"@type\":\"WebPage\",\"@id\":\"https:\/\/old.mestro.com\/sv\/artiklar\/solelen-gar-som-taget-men-hur-bra-ar-ralsen\/\",\"url\":\"https:\/\/old.mestro.com\/sv\/artiklar\/solelen-gar-som-taget-men-hur-bra-ar-ralsen\/\",\"name\":\"Solelen g\u00e5r som t\u00e5get - men hur bra \u00e4r r\u00e4lsen? &#8226; Mestro\",\"isPartOf\":{\"@id\":\"https:\/\/old.mestro.com\/sv\/#website\"},\"primaryImageOfPage\":{\"@id\":\"https:\/\/old.mestro.com\/sv\/artiklar\/solelen-gar-som-taget-men-hur-bra-ar-ralsen\/#primaryimage\"},\"image\":{\"@id\":\"https:\/\/old.mestro.com\/sv\/artiklar\/solelen-gar-som-taget-men-hur-bra-ar-ralsen\/#primaryimage\"},\"thumbnailUrl\":\"https:\/\/old.mestro.com\/wp-content\/uploads\/2022\/10\/Vem-la\u0308gger-ra\u0308lsen2.png\",\"datePublished\":\"2022-10-24T11:04:52+00:00\",\"dateModified\":\"2022-11-08T14:00:57+00:00\",\"description\":\"Den tekniska utvecklingen har blivit tillr\u00e4ckligt sofistikerad f\u00f6r att inte bara g\u00f6ra solceller till en h\u00e5llbar aff\u00e4r, utan en l\u00f6nsam.\",\"breadcrumb\":{\"@id\":\"https:\/\/old.mestro.com\/sv\/artiklar\/solelen-gar-som-taget-men-hur-bra-ar-ralsen\/#breadcrumb\"},\"inLanguage\":\"sv-SE\",\"potentialAction\":[{\"@type\":\"ReadAction\",\"target\":[\"https:\/\/old.mestro.com\/sv\/artiklar\/solelen-gar-som-taget-men-hur-bra-ar-ralsen\/\"]}]},{\"@type\":\"ImageObject\",\"inLanguage\":\"sv-SE\",\"@id\":\"https:\/\/old.mestro.com\/sv\/artiklar\/solelen-gar-som-taget-men-hur-bra-ar-ralsen\/#primaryimage\",\"url\":\"https:\/\/old.mestro.com\/wp-content\/uploads\/2022\/10\/Vem-la\u0308gger-ra\u0308lsen2.png\",\"contentUrl\":\"https:\/\/old.mestro.com\/wp-content\/uploads\/2022\/10\/Vem-la\u0308gger-ra\u0308lsen2.png\",\"width\":1200,\"height\":630},{\"@type\":\"BreadcrumbList\",\"@id\":\"https:\/\/old.mestro.com\/sv\/artiklar\/solelen-gar-som-taget-men-hur-bra-ar-ralsen\/#breadcrumb\",\"itemListElement\":[{\"@type\":\"ListItem\",\"position\":1,\"name\":\"Hem\",\"item\":\"https:\/\/old.mestro.com\/sv\/\"},{\"@type\":\"ListItem\",\"position\":2,\"name\":\"Solelen g\u00e5r som t\u00e5get &#8211; men hur bra \u00e4r r\u00e4lsen?\"}]},{\"@type\":\"WebSite\",\"@id\":\"https:\/\/old.mestro.com\/sv\/#website\",\"url\":\"https:\/\/old.mestro.com\/sv\/\",\"name\":\"Mestro\",\"description\":\"Automatiserad energiuppf\u00f6ljning\",\"publisher\":{\"@id\":\"https:\/\/old.mestro.com\/sv\/#organization\"},\"potentialAction\":[{\"@type\":\"SearchAction\",\"target\":{\"@type\":\"EntryPoint\",\"urlTemplate\":\"https:\/\/old.mestro.com\/sv\/?s={search_term_string}\"},\"query-input\":{\"@type\":\"PropertyValueSpecification\",\"valueRequired\":true,\"valueName\":\"search_term_string\"}}],\"inLanguage\":\"sv-SE\"},{\"@type\":\"Organization\",\"@id\":\"https:\/\/old.mestro.com\/sv\/#organization\",\"name\":\"Mestro\",\"url\":\"https:\/\/old.mestro.com\/sv\/\",\"logo\":{\"@type\":\"ImageObject\",\"inLanguage\":\"sv-SE\",\"@id\":\"https:\/\/old.mestro.com\/sv\/#\/schema\/logo\/image\/\",\"url\":\"https:\/\/mestro.com\/wp-content\/uploads\/2021\/02\/cropped-favicon.png\",\"contentUrl\":\"https:\/\/mestro.com\/wp-content\/uploads\/2021\/02\/cropped-favicon.png\",\"width\":512,\"height\":512,\"caption\":\"Mestro\"},\"image\":{\"@id\":\"https:\/\/old.mestro.com\/sv\/#\/schema\/logo\/image\/\"},\"sameAs\":[\"https:\/\/www.facebook.com\/spendlessenergy\",\"https:\/\/www.instagram.com\/lifeatmestro\/\",\"https:\/\/www.linkedin.com\/company\/mestro\",\"https:\/\/www.youtube.com\/channel\/UCfMpb7hUwvgwdUYzvntBSzg\"]},{\"@type\":\"Person\",\"@id\":\"https:\/\/old.mestro.com\/sv\/#\/schema\/person\/bd456442aff9767efb1513c38c371b0d\",\"name\":\"Axel Stenbom\",\"image\":{\"@type\":\"ImageObject\",\"inLanguage\":\"sv-SE\",\"@id\":\"https:\/\/old.mestro.com\/sv\/#\/schema\/person\/image\/\",\"url\":\"https:\/\/secure.gravatar.com\/avatar\/ce805942405e3889fa609ea0f1e497b495ebf28cabdf35cac8fb25bd2f9caa1d?s=96&d=mm&r=g\",\"contentUrl\":\"https:\/\/secure.gravatar.com\/avatar\/ce805942405e3889fa609ea0f1e497b495ebf28cabdf35cac8fb25bd2f9caa1d?s=96&d=mm&r=g\",\"caption\":\"Axel Stenbom\"}}]}<\/script>\n<!-- \/ Yoast SEO plugin. -->","yoast_head_json":{"title":"Solelen g\u00e5r som t\u00e5get - men hur bra \u00e4r r\u00e4lsen? &#8226; Mestro","description":"Den tekniska utvecklingen har blivit tillr\u00e4ckligt sofistikerad f\u00f6r att inte bara g\u00f6ra solceller till en h\u00e5llbar aff\u00e4r, utan en l\u00f6nsam.","robots":{"index":"index","follow":"follow","max-snippet":"max-snippet:-1","max-image-preview":"max-image-preview:large","max-video-preview":"max-video-preview:-1"},"canonical":"https:\/\/old.mestro.com\/sv\/artiklar\/solelen-gar-som-taget-men-hur-bra-ar-ralsen\/","og_locale":"sv_SE","og_type":"article","og_title":"Solelen g\u00e5r som t\u00e5get - men hur bra \u00e4r r\u00e4lsen? &#8226; Mestro","og_description":"Den tekniska utvecklingen har blivit tillr\u00e4ckligt sofistikerad f\u00f6r att inte bara g\u00f6ra solceller till en h\u00e5llbar aff\u00e4r, utan en l\u00f6nsam.","og_url":"https:\/\/old.mestro.com\/sv\/artiklar\/solelen-gar-som-taget-men-hur-bra-ar-ralsen\/","og_site_name":"Mestro","article_publisher":"https:\/\/www.facebook.com\/spendlessenergy","article_published_time":"2022-10-24T11:04:52+00:00","article_modified_time":"2022-11-08T14:00:57+00:00","og_image":[{"width":1200,"height":630,"url":"https:\/\/old.mestro.com\/wp-content\/uploads\/2022\/10\/Vem-la\u0308gger-ra\u0308lsen2.png","type":"image\/png"}],"author":"Axel Stenbom","twitter_card":"summary_large_image","twitter_misc":{"Skriven av":"Axel Stenbom","Ber\u00e4knad l\u00e4stid":"4 minuter"},"schema":{"@context":"https:\/\/schema.org","@graph":[{"@type":"Article","@id":"https:\/\/old.mestro.com\/sv\/artiklar\/solelen-gar-som-taget-men-hur-bra-ar-ralsen\/#article","isPartOf":{"@id":"https:\/\/old.mestro.com\/sv\/artiklar\/solelen-gar-som-taget-men-hur-bra-ar-ralsen\/"},"author":{"name":"Axel Stenbom","@id":"https:\/\/old.mestro.com\/sv\/#\/schema\/person\/bd456442aff9767efb1513c38c371b0d"},"headline":"Solelen g\u00e5r som t\u00e5get &#8211; men hur bra \u00e4r r\u00e4lsen?","datePublished":"2022-10-24T11:04:52+00:00","dateModified":"2022-11-08T14:00:57+00:00","mainEntityOfPage":{"@id":"https:\/\/old.mestro.com\/sv\/artiklar\/solelen-gar-som-taget-men-hur-bra-ar-ralsen\/"},"wordCount":1066,"publisher":{"@id":"https:\/\/old.mestro.com\/sv\/#organization"},"image":{"@id":"https:\/\/old.mestro.com\/sv\/artiklar\/solelen-gar-som-taget-men-hur-bra-ar-ralsen\/#primaryimage"},"thumbnailUrl":"https:\/\/old.mestro.com\/wp-content\/uploads\/2022\/10\/Vem-la\u0308gger-ra\u0308lsen2.png","articleSection":["Artiklar"],"inLanguage":"sv-SE"},{"@type":"WebPage","@id":"https:\/\/old.mestro.com\/sv\/artiklar\/solelen-gar-som-taget-men-hur-bra-ar-ralsen\/","url":"https:\/\/old.mestro.com\/sv\/artiklar\/solelen-gar-som-taget-men-hur-bra-ar-ralsen\/","name":"Solelen g\u00e5r som t\u00e5get - men hur bra \u00e4r r\u00e4lsen? &#8226; Mestro","isPartOf":{"@id":"https:\/\/old.mestro.com\/sv\/#website"},"primaryImageOfPage":{"@id":"https:\/\/old.mestro.com\/sv\/artiklar\/solelen-gar-som-taget-men-hur-bra-ar-ralsen\/#primaryimage"},"image":{"@id":"https:\/\/old.mestro.com\/sv\/artiklar\/solelen-gar-som-taget-men-hur-bra-ar-ralsen\/#primaryimage"},"thumbnailUrl":"https:\/\/old.mestro.com\/wp-content\/uploads\/2022\/10\/Vem-la\u0308gger-ra\u0308lsen2.png","datePublished":"2022-10-24T11:04:52+00:00","dateModified":"2022-11-08T14:00:57+00:00","description":"Den tekniska utvecklingen har blivit tillr\u00e4ckligt sofistikerad f\u00f6r att inte bara g\u00f6ra solceller till en h\u00e5llbar aff\u00e4r, utan en l\u00f6nsam.","breadcrumb":{"@id":"https:\/\/old.mestro.com\/sv\/artiklar\/solelen-gar-som-taget-men-hur-bra-ar-ralsen\/#breadcrumb"},"inLanguage":"sv-SE","potentialAction":[{"@type":"ReadAction","target":["https:\/\/old.mestro.com\/sv\/artiklar\/solelen-gar-som-taget-men-hur-bra-ar-ralsen\/"]}]},{"@type":"ImageObject","inLanguage":"sv-SE","@id":"https:\/\/old.mestro.com\/sv\/artiklar\/solelen-gar-som-taget-men-hur-bra-ar-ralsen\/#primaryimage","url":"https:\/\/old.mestro.com\/wp-content\/uploads\/2022\/10\/Vem-la\u0308gger-ra\u0308lsen2.png","contentUrl":"https:\/\/old.mestro.com\/wp-content\/uploads\/2022\/10\/Vem-la\u0308gger-ra\u0308lsen2.png","width":1200,"height":630},{"@type":"BreadcrumbList","@id":"https:\/\/old.mestro.com\/sv\/artiklar\/solelen-gar-som-taget-men-hur-bra-ar-ralsen\/#breadcrumb","itemListElement":[{"@type":"ListItem","position":1,"name":"Hem","item":"https:\/\/old.mestro.com\/sv\/"},{"@type":"ListItem","position":2,"name":"Solelen g\u00e5r som t\u00e5get &#8211; men hur bra \u00e4r r\u00e4lsen?"}]},{"@type":"WebSite","@id":"https:\/\/old.mestro.com\/sv\/#website","url":"https:\/\/old.mestro.com\/sv\/","name":"Mestro","description":"Automatiserad energiuppf\u00f6ljning","publisher":{"@id":"https:\/\/old.mestro.com\/sv\/#organization"},"potentialAction":[{"@type":"SearchAction","target":{"@type":"EntryPoint","urlTemplate":"https:\/\/old.mestro.com\/sv\/?s={search_term_string}"},"query-input":{"@type":"PropertyValueSpecification","valueRequired":true,"valueName":"search_term_string"}}],"inLanguage":"sv-SE"},{"@type":"Organization","@id":"https:\/\/old.mestro.com\/sv\/#organization","name":"Mestro","url":"https:\/\/old.mestro.com\/sv\/","logo":{"@type":"ImageObject","inLanguage":"sv-SE","@id":"https:\/\/old.mestro.com\/sv\/#\/schema\/logo\/image\/","url":"https:\/\/mestro.com\/wp-content\/uploads\/2021\/02\/cropped-favicon.png","contentUrl":"https:\/\/mestro.com\/wp-content\/uploads\/2021\/02\/cropped-favicon.png","width":512,"height":512,"caption":"Mestro"},"image":{"@id":"https:\/\/old.mestro.com\/sv\/#\/schema\/logo\/image\/"},"sameAs":["https:\/\/www.facebook.com\/spendlessenergy","https:\/\/www.instagram.com\/lifeatmestro\/","https:\/\/www.linkedin.com\/company\/mestro","https:\/\/www.youtube.com\/channel\/UCfMpb7hUwvgwdUYzvntBSzg"]},{"@type":"Person","@id":"https:\/\/old.mestro.com\/sv\/#\/schema\/person\/bd456442aff9767efb1513c38c371b0d","name":"Axel Stenbom","image":{"@type":"ImageObject","inLanguage":"sv-SE","@id":"https:\/\/old.mestro.com\/sv\/#\/schema\/person\/image\/","url":"https:\/\/secure.gravatar.com\/avatar\/ce805942405e3889fa609ea0f1e497b495ebf28cabdf35cac8fb25bd2f9caa1d?s=96&d=mm&r=g","contentUrl":"https:\/\/secure.gravatar.com\/avatar\/ce805942405e3889fa609ea0f1e497b495ebf28cabdf35cac8fb25bd2f9caa1d?s=96&d=mm&r=g","caption":"Axel Stenbom"}}]}},"_links":{"self":[{"href":"https:\/\/old.mestro.com\/sv\/wp-json\/wp\/v2\/posts\/9249","targetHints":{"allow":["GET"]}}],"collection":[{"href":"https:\/\/old.mestro.com\/sv\/wp-json\/wp\/v2\/posts"}],"about":[{"href":"https:\/\/old.mestro.com\/sv\/wp-json\/wp\/v2\/types\/post"}],"author":[{"embeddable":true,"href":"https:\/\/old.mestro.com\/sv\/wp-json\/wp\/v2\/users\/5"}],"replies":[{"embeddable":true,"href":"https:\/\/old.mestro.com\/sv\/wp-json\/wp\/v2\/comments?post=9249"}],"version-history":[{"count":2,"href":"https:\/\/old.mestro.com\/sv\/wp-json\/wp\/v2\/posts\/9249\/revisions"}],"predecessor-version":[{"id":9344,"href":"https:\/\/old.mestro.com\/sv\/wp-json\/wp\/v2\/posts\/9249\/revisions\/9344"}],"wp:featuredmedia":[{"embeddable":true,"href":"https:\/\/old.mestro.com\/sv\/wp-json\/wp\/v2\/media\/9339"}],"wp:attachment":[{"href":"https:\/\/old.mestro.com\/sv\/wp-json\/wp\/v2\/media?parent=9249"}],"wp:term":[{"taxonomy":"category","embeddable":true,"href":"https:\/\/old.mestro.com\/sv\/wp-json\/wp\/v2\/categories?post=9249"},{"taxonomy":"post_tag","embeddable":true,"href":"https:\/\/old.mestro.com\/sv\/wp-json\/wp\/v2\/tags?post=9249"}],"curies":[{"name":"wp","href":"https:\/\/api.w.org\/{rel}","templated":true}]}}