{"id":9493,"date":"2022-12-07T08:45:04","date_gmt":"2022-12-07T07:45:04","guid":{"rendered":"https:\/\/mestro.com\/?p=9493"},"modified":"2022-12-07T16:10:15","modified_gmt":"2022-12-07T15:10:15","slug":"imd-eller-energieffektiviserande-atgarder","status":"publish","type":"post","link":"https:\/\/old.mestro.com\/sv\/artiklar\/imd-eller-energieffektiviserande-atgarder\/","title":{"rendered":"<strong>IMD eller energieffektiviserande \u00e5tg\u00e4rder?<\/strong>"},"content":{"rendered":"\t\t<div data-elementor-type=\"wp-post\" data-elementor-id=\"9493\" class=\"elementor elementor-9493\" data-elementor-post-type=\"post\">\n\t\t\t\t\t\t<section class=\"has_eae_slider elementor-section elementor-top-section elementor-element elementor-element-377b33b0 elementor-section-boxed elementor-section-height-default elementor-section-height-default\" data-eae-slider=\"33695\" data-id=\"377b33b0\" data-element_type=\"section\">\n\t\t\t\t\t\t<div class=\"elementor-container elementor-column-gap-default\">\n\t\t\t\t\t<div class=\"has_eae_slider elementor-column elementor-col-100 elementor-top-column elementor-element elementor-element-262c27c3\" data-eae-slider=\"83554\" data-id=\"262c27c3\" data-element_type=\"column\">\n\t\t\t<div class=\"elementor-widget-wrap elementor-element-populated\">\n\t\t\t\t\t\t<div class=\"elementor-element elementor-element-392833bf elementor-widget elementor-widget-text-editor\" data-id=\"392833bf\" data-element_type=\"widget\" data-widget_type=\"text-editor.default\">\n\t\t\t\t<div class=\"elementor-widget-container\">\n\t\t\t\t\t\t\t\t\t<p><\/p>\n<p><strong>Vad \u00e4r egentligen IMD?<\/strong><\/p>\n<p><\/p>\n<p><\/p>\n<p>Individuell m\u00e4tning och debitering (IMD) inneb\u00e4r att varje enskild l\u00e4genhets energianv\u00e4ndning m\u00e4ts och att den boende betalar f\u00f6r sin egen anv\u00e4ndning. Detta kan g\u00f6ras f\u00f6r vatten, el, v\u00e4rme och gas. IMD stiger ur EU:s direktiv f\u00f6r att effektivisera det europeiska energilandskapet, <em>Energy Efficiency Directive <\/em>(EED).<em> <\/em>Enligt EED \u00e4r IMD ett s\u00e4tt att minska flerbostadshusens energianv\u00e4ndning.&nbsp;<\/p>\n<p><\/p>\n<p><\/p>\n<p>Id\u00e9n \u00e4r att om debiteringen ligger p\u00e5 individuell niv\u00e5 kommer incitamenten f\u00f6r en reducerad anv\u00e4ndning att \u00f6ka, fr\u00e4mst f\u00f6r att ambitionen f\u00f6r besparing flyttas n\u00e4rmare anv\u00e4ndaren. Om du betalar samma statiska avgift till en f\u00f6rening varje m\u00e5nad blir sl\u00e4ktskapet mellan l\u00e5nga varma duschar och \u00f6kade kostnader mer avl\u00e4gset. Om varje minut i duschen inneb\u00e4r en h\u00f6gre kostnad blir kanske duscharna kortare. Ja, du f\u00f6rst\u00e5r\u2026<\/p>\n<p><\/p>\n<p><\/p>\n<p><strong>Nya krav p\u00e5 IMD<\/strong><\/p>\n<p><\/p>\n<p><\/p>\n<p>IMD \u00e4r inte bara en riktlinje, det finns konkreta krav. Den f\u00f6rsta juli 2022 kom nya regler p\u00e5 plats som p\u00e5verkar hur m\u00e5nga fastighets\u00e4gare som beh\u00f6ver f\u00f6rh\u00e5lla sig till kraven om tappvarmvatten. Detta \u00e4r ett till\u00e4gg till regler fr\u00e5n 2021 som avhandlade IMD-krav f\u00f6r b\u00e5de v\u00e4rme och tappvarmvatten. L\u00e5t oss sammanfatta dessa!<\/p>\n<p><\/p>\n<p><\/p>\n<ul><p><\/p>\n<li>F\u00f6rst och fr\u00e4mst ska IMD p\u00e5 tappvarmvatten installeras i <strong>all nyproduktion <\/strong>(alla fastigheter d\u00e4r bygglovet utf\u00e4rdats efter 1:a juli 2022). Men detta g\u00e4ller inte v\u00e4rme, bara varmvatten.&nbsp;<\/li>\n<p><\/p>\n<p><\/p>\n<li>IMD p\u00e5 tappvarmvatten ska installeras i alla l\u00e4genheter i <strong>alla befintliga flerbostadshus<\/strong> som genomf\u00f6r renovering\/ombyggnad\/nyinstallation av tappvarmvatten. Vad som definierar en ombyggnad kan man l\u00e4sa sig till p\u00e5 <a href=\"https:\/\/www.boverket.se\/sv\/PBL-kunskapsbanken\/regler-om-byggande\/andring-av-byggnader\/ombyggnad\/\">boverkets<\/a> hemsida.<\/li>\n<p><\/p>\n<p><\/p>\n<li>IMD f\u00f6r v\u00e4rme ska installeras i de <strong>flerbostadshus med s\u00e4mst energiprestanda<\/strong>. I dessa fastigheter \u00e4r sannolikheten h\u00f6gre att investeringen ska v\u00e4ga upp kostnaden f\u00f6r installationen. Med andra ord kommer energibesparingen i s\u00e4nkt innetemperatur spara mer pengar \u00e4n vad som kr\u00e4vs f\u00f6r att installera IMD.<\/li>\n<p><\/p><\/ul>\n<p><\/p>\n<p><\/p>\n<p><\/p>\n<p><\/p>\n<p>Kraven p\u00e5 IMD av v\u00e4rme g\u00e4ller flerbostadshus med ett prim\u00e4renergital h\u00f6gre \u00e4n<\/p>\n<p><\/p>\n<p><\/p>\n<ul><p><\/p>\n<li>180 kWh\/m\u00b2 och \u00e5r i J\u00e4mtland, V\u00e4sterbotten och Norrbotten l\u00e4n.<\/li>\n<p><\/p>\n<p><\/p>\n<li>200 kWh\/m\u00b2 och \u00e5r i alla \u00f6vriga l\u00e4n.&nbsp;<\/li>\n<p><\/p><\/ul>\n<p><\/p>\n<p><\/p>\n<p><strong>Vilka \u00e4r undantagen?<\/strong><\/p>\n<p><\/p>\n<p><\/p>\n<p>Med eller utan IMD \u00e4r m\u00e5let detsamma \u2013 en reducerad energianv\u00e4ndning. D\u00e4rf\u00f6r finns det undantag, \u00e5tg\u00e4rder som g\u00f6r att IMD inte beh\u00f6ver installeras.&nbsp;<\/p>\n<p><\/p>\n<p><\/p>\n<ul><p><\/p>\n<li><strong>Energieffektiviserande \u00e5tg\u00e4rder<\/strong> som reducerar anv\u00e4ndningen \u00e4r ett undantag till kravet p\u00e5 IMD av v\u00e4rme. Myndigheten som hanterar fr\u00e5gor om undantag \u00e4r <em>Byggnadsn\u00e4mnden. <\/em>De specificerar att \u00e5tg\u00e4rder som resulterar i att byggnadens energiprestanda blir b\u00e4ttre \u00e4n gr\u00e4nsv\u00e4rdet f\u00f6r krav p\u00e5 IMD v\u00e4rme, \u00e4r att betrakta som giltiga f\u00f6r undantag. Det handlar allts\u00e5 om riktade \u00e5tg\u00e4rder som resulterar i ett <em>prim\u00e4renergital<\/em> p\u00e5 r\u00e4tt sida ovanst\u00e5ende gr\u00e4nsv\u00e4rden.&nbsp;<\/li>\n<p><\/p><\/ul>\n<p><\/p>\n<p><\/p>\n<p><\/p>\n<p><\/p>\n<p>Vilka \u00e4r d\u00e5 \u00e5tg\u00e4rderna? Det \u00e4r inte alltid l\u00e4tt att svara p\u00e5 givet att olika fastigheter har olika m\u00f6jligheter. Det kan handla om justeringar av v\u00e4rmesystem, effektiviserad ventilation eller installation av solceller. Energir\u00e5dgivare kan genom olika analysmetoder hitta konkreta \u00e5tg\u00e4rder f\u00f6r en specifik fastighet.&nbsp;<\/p>\n<p><\/p>\n<p><\/p>\n<ul><p><\/p>\n<li>Ett annat undantag baseras p\u00e5 installationens <strong>tekniska genomf\u00f6rbarhet. <\/strong>N\u00e4r det kommer till IMD av v\u00e4rme finns det m\u00e5nga uppv\u00e4rmningssystem som helt enkelt inte g\u00e5r att dela in p\u00e5 l\u00e4genhetsniv\u00e5. Andra v\u00e4rmesystem kan vara byggda p\u00e5 ett s\u00e4tt som g\u00f6r det v\u00e4ldigt sv\u00e5rt att hitta l\u00e4mplig m\u00e4tutrustning. B\u00e5de dessa anses vara giltiga undantag till kravet p\u00e5 IMD f\u00f6r v\u00e4rme.&nbsp;<\/li>\n<p><\/p><\/ul>\n<p><\/p>\n<p><\/p>\n<ul><p><\/p>\n<li>F\u00f6r b\u00e5de v\u00e4rme och tappvarmvatten existerar ett undantag d\u00e4r installationen skulle <strong>f\u00f6rvanska v\u00e4rdefulla byggnader<\/strong>. Det \u00e4r med andra ord inte alltid m\u00f6jligt att installera ett IMD-system utan att p\u00e5verka en fastighets kulturhistoriska, milj\u00f6m\u00e4ssiga eller konstn\u00e4rliga v\u00e4rde.&nbsp;<\/li>\n<p><\/p><\/ul>\n<p><\/p>\n<p><\/p>\n<ul><p><\/p>\n<li>Om investeringen inte \u00e4r l\u00f6nsam med h\u00e4nsyn till m\u00f6jliga milj\u00f6besparingar.<\/li>\n<p><\/p><\/ul>\n<p><\/p>\n<p><\/p>\n<p><\/p>\n<p><\/p>\n<p><strong>\u00c5tg\u00e4rder f\u00f6r att effektivisera en fastighet<\/strong><\/p>\n<p><\/p>\n<p><\/p>\n<p>Om en fastighets\u00e4gare undantas kravet p\u00e5 IMD f\u00f6r v\u00e4rme och tappvarmvatten f\u00f6r att denna har f\u00f6r avsikt att energieffektivisera sin fastighet, s\u00e5 ska \u00e5tg\u00e4rden vara genomf\u00f6rd f\u00f6re den 1 juli 2023 eller den 1 juli 2026 om det g\u00f6rs i samband med en redan planerad ombyggnad. Det g\u00e4ller med andra ord att arbeta fort och kanske viktigaste av allt; arbeta r\u00e4tt. Vilka \u00e5tg\u00e4rder kommer ha st\u00f6rst inverkan p\u00e5 anv\u00e4ndningen?<\/p>\n<p><\/p>\n<p><\/p>\n<p>F\u00f6r att besvara den fr\u00e5gan v\u00e4ljer m\u00e5nga att luta sig mot en analys utf\u00f6rd av en energir\u00e5dgivare, en yrkesgrupp som p\u00e5 m\u00e5nga s\u00e4tt kommit att byta skepnad. Ett bra exempel p\u00e5 en av dessa nya tidens energir\u00e5dgivare \u00e4r bolaget nolla_E, som genom anv\u00e4ndningen av en avancerad AI-modell hittar den b\u00e4sta kombinationen av \u00e5tg\u00e4rder f\u00f6r att i h\u00f6g takt energieffektivisera den aktuella fastigheten. P\u00e5 s\u00e5 s\u00e4tt kan fastighets\u00e4garen f\u00e5 en nyanserad och aktuell f\u00f6rst\u00e5else f\u00f6r fastighetens m\u00f6jligheter.&nbsp;<\/p>\n<p><\/p>\n<p><\/p>\n<p>De nya kraven fokuserar p\u00e5 v\u00e4rme och tappvarmvatten. Kravet st\u00e4lls ocks\u00e5 p\u00e5 de byggnader som har s\u00e4mst energiprestanda vilket g\u00f6r att signalen \u00e4r allt annat \u00e4n otydlig \u2013 det ska effektiviseras d\u00e4r det g\u00f6r st\u00f6rst skillnad. Detta g\u00f6r att m\u00e5nga fastighets\u00e4gare v\u00e4ljer att fokusera p\u00e5 att f\u00f6rb\u00e4ttra sin energiprestanda ist\u00e4llet f\u00f6r att installera IMD f\u00f6r just v\u00e4rme. Vi har i denna text kallat detta f\u00f6r <em>undantag<\/em>, n\u00e5got som l\u00e5ter som att du slipper g\u00f6ra n\u00e5got viktigt. Det finns en po\u00e4ng att n\u00e4mna att om strategiska \u00e5tg\u00e4rder reducerar en fastighets energianv\u00e4ndning, har man ofta uppn\u00e5tt samma resultat som installationen av IMD hoppas driva p\u00e5.&nbsp;<\/p>\n<p><\/p>\n<p><\/p>\n<p><strong>Framtidens IMD-krav<\/strong><\/p>\n<p><\/p>\n<p><\/p>\n<p>N\u00e4r vi talar om IMD talar vi huvudsakligen om krav f\u00f6r individuell debitering av v\u00e4rme och tappvarmvatten. Vilka krav som bor i framtiden \u00e4r sv\u00e5rt att s\u00e4ga, kanske fr\u00e4mst f\u00f6r att det inte alltid \u00e4r glasklart i vilken utstr\u00e4ckning IMD-kraven \u00e4r att betrakta som signalpolitiska eller som en framtida standard. M\u00e5let \u00e4r f\u00f6r EU, Riksdagen och fastighets\u00e4garen \u00e4r detsamma; en mer energieffektiv fastighet. En fastighet kan se en reducerad anv\u00e4ndning vid installation av IMD av varmvatten, ibland upp mot 15-30%, men kvarst\u00e5r g\u00f6r faktumet att installationen ofta inte kommer vara den enda n\u00f6dv\u00e4ndiga \u00e5tg\u00e4rden.&nbsp;<\/p>\n<p><\/p>\n<p><\/p>\n<p>Fastigheter kommer beh\u00f6va bli smartare, smidigare och mer effektiva med eller utan \u00f6kade krav p\u00e5 IMD. Och en f\u00f6ruts\u00e4ttning f\u00f6r att detta ska ske \u00e4r att god f\u00f6rst\u00e5else f\u00f6r den aktuella energianv\u00e4ndningen. Detta kr\u00e4ver en aktiv uppf\u00f6ljning med h\u00f6guppl\u00f6st data och en effektiv visualisering. Det \u00e4r v\u00e5rt expertomr\u00e5de.<\/p>\n<p><\/p>\n<p><\/p>\n<p>S\u00e5 tveka inte att h\u00f6ra av dig om du har n\u00e5gra som helst fr\u00e5gor om IMD och de r\u00e5dande kraven p\u00e5 energieffektivisering.<\/p>\n<p><\/p>\t\t\t\t\t\t\t\t<\/div>\n\t\t\t\t<\/div>\n\t\t\t\t\t<\/div>\n\t\t<\/div>\n\t\t\t\t\t<\/div>\n\t\t<\/section>\n\t\t\t\t<\/div>\n\t\t","protected":false},"excerpt":{"rendered":"<p>I linje med EU:s direktiv om energieffektivisering existerar det i Sverige idag ett antal krav p\u00e5 inf\u00f6rande av individuell m\u00e4tning och debitering i flerbostadshus. Under sommaren 2021 och 2022 konkretiserades b\u00e5de lagkravet och giltiga undantag till IMD-kravet. Det \u00e4r n\u00e5got av en labyrint och f\u00f6r en fastighets\u00e4gare brukade det inte alltid vara glasklart vad som g\u00e4ller. Vi s\u00e4ger brukade \u2013 f\u00f6r p\u00e5 andra sidan denna text finns inga otydligheter. <\/p>\n","protected":false},"author":5,"featured_media":9494,"comment_status":"closed","ping_status":"open","sticky":false,"template":"","format":"standard","meta":{"_acf_changed":false,"_eb_attr":"","content-type":"","inline_featured_image":false,"footnotes":""},"categories":[14],"tags":[],"class_list":["post-9493","post","type-post","status-publish","format-standard","has-post-thumbnail","hentry","category-artiklar"],"acf":[],"yoast_head":"<!-- This site is optimized with the Yoast SEO plugin v25.8 - https:\/\/yoast.com\/wordpress\/plugins\/seo\/ -->\n<title>IMD eller energieffektiviserande \u00e5tg\u00e4rder? &#8226; Mestro<\/title>\n<meta name=\"description\" content=\"Det finns ett antal krav p\u00e5 inf\u00f6rande av individuell m\u00e4tning och debitering i flerbostadshus. Vad \u00e4r det som g\u00e4ller och vilka \u00e4r undantagen?\" \/>\n<meta name=\"robots\" content=\"index, follow, max-snippet:-1, max-image-preview:large, max-video-preview:-1\" \/>\n<link rel=\"canonical\" href=\"https:\/\/old.mestro.com\/sv\/artiklar\/imd-eller-energieffektiviserande-atgarder\/\" \/>\n<meta property=\"og:locale\" content=\"sv_SE\" \/>\n<meta property=\"og:type\" content=\"article\" \/>\n<meta property=\"og:title\" content=\"IMD eller energieffektiviserande \u00e5tg\u00e4rder? &#8226; Mestro\" \/>\n<meta property=\"og:description\" content=\"Det finns ett antal krav p\u00e5 inf\u00f6rande av individuell m\u00e4tning och debitering i flerbostadshus. Vad \u00e4r det som g\u00e4ller och vilka \u00e4r undantagen?\" \/>\n<meta property=\"og:url\" content=\"https:\/\/old.mestro.com\/sv\/artiklar\/imd-eller-energieffektiviserande-atgarder\/\" \/>\n<meta property=\"og:site_name\" content=\"Mestro\" \/>\n<meta property=\"article:publisher\" content=\"https:\/\/www.facebook.com\/spendlessenergy\" \/>\n<meta property=\"article:published_time\" content=\"2022-12-07T07:45:04+00:00\" \/>\n<meta property=\"article:modified_time\" content=\"2022-12-07T15:10:15+00:00\" \/>\n<meta property=\"og:image\" content=\"https:\/\/old.mestro.com\/wp-content\/uploads\/2022\/12\/IMD-KRAV-1024x576.png\" \/>\n\t<meta property=\"og:image:width\" content=\"1024\" \/>\n\t<meta property=\"og:image:height\" content=\"576\" \/>\n\t<meta property=\"og:image:type\" content=\"image\/png\" \/>\n<meta name=\"author\" content=\"Axel Stenbom\" \/>\n<meta name=\"twitter:card\" content=\"summary_large_image\" \/>\n<meta name=\"twitter:label1\" content=\"Skriven av\" \/>\n\t<meta name=\"twitter:data1\" content=\"Axel Stenbom\" \/>\n\t<meta name=\"twitter:label2\" content=\"Ber\u00e4knad l\u00e4stid\" \/>\n\t<meta name=\"twitter:data2\" content=\"5 minuter\" \/>\n<script type=\"application\/ld+json\" class=\"yoast-schema-graph\">{\"@context\":\"https:\/\/schema.org\",\"@graph\":[{\"@type\":\"Article\",\"@id\":\"https:\/\/old.mestro.com\/sv\/artiklar\/imd-eller-energieffektiviserande-atgarder\/#article\",\"isPartOf\":{\"@id\":\"https:\/\/old.mestro.com\/sv\/artiklar\/imd-eller-energieffektiviserande-atgarder\/\"},\"author\":{\"name\":\"Axel Stenbom\",\"@id\":\"https:\/\/old.mestro.com\/sv\/#\/schema\/person\/bd456442aff9767efb1513c38c371b0d\"},\"headline\":\"IMD eller energieffektiviserande \u00e5tg\u00e4rder?\",\"datePublished\":\"2022-12-07T07:45:04+00:00\",\"dateModified\":\"2022-12-07T15:10:15+00:00\",\"mainEntityOfPage\":{\"@id\":\"https:\/\/old.mestro.com\/sv\/artiklar\/imd-eller-energieffektiviserande-atgarder\/\"},\"wordCount\":1211,\"publisher\":{\"@id\":\"https:\/\/old.mestro.com\/sv\/#organization\"},\"image\":{\"@id\":\"https:\/\/old.mestro.com\/sv\/artiklar\/imd-eller-energieffektiviserande-atgarder\/#primaryimage\"},\"thumbnailUrl\":\"https:\/\/old.mestro.com\/wp-content\/uploads\/2022\/12\/IMD-KRAV.png\",\"articleSection\":[\"Artiklar\"],\"inLanguage\":\"sv-SE\"},{\"@type\":\"WebPage\",\"@id\":\"https:\/\/old.mestro.com\/sv\/artiklar\/imd-eller-energieffektiviserande-atgarder\/\",\"url\":\"https:\/\/old.mestro.com\/sv\/artiklar\/imd-eller-energieffektiviserande-atgarder\/\",\"name\":\"IMD eller energieffektiviserande \u00e5tg\u00e4rder? &#8226; Mestro\",\"isPartOf\":{\"@id\":\"https:\/\/old.mestro.com\/sv\/#website\"},\"primaryImageOfPage\":{\"@id\":\"https:\/\/old.mestro.com\/sv\/artiklar\/imd-eller-energieffektiviserande-atgarder\/#primaryimage\"},\"image\":{\"@id\":\"https:\/\/old.mestro.com\/sv\/artiklar\/imd-eller-energieffektiviserande-atgarder\/#primaryimage\"},\"thumbnailUrl\":\"https:\/\/old.mestro.com\/wp-content\/uploads\/2022\/12\/IMD-KRAV.png\",\"datePublished\":\"2022-12-07T07:45:04+00:00\",\"dateModified\":\"2022-12-07T15:10:15+00:00\",\"description\":\"Det finns ett antal krav p\u00e5 inf\u00f6rande av individuell m\u00e4tning och debitering i flerbostadshus. Vad \u00e4r det som g\u00e4ller och vilka \u00e4r undantagen?\",\"breadcrumb\":{\"@id\":\"https:\/\/old.mestro.com\/sv\/artiklar\/imd-eller-energieffektiviserande-atgarder\/#breadcrumb\"},\"inLanguage\":\"sv-SE\",\"potentialAction\":[{\"@type\":\"ReadAction\",\"target\":[\"https:\/\/old.mestro.com\/sv\/artiklar\/imd-eller-energieffektiviserande-atgarder\/\"]}]},{\"@type\":\"ImageObject\",\"inLanguage\":\"sv-SE\",\"@id\":\"https:\/\/old.mestro.com\/sv\/artiklar\/imd-eller-energieffektiviserande-atgarder\/#primaryimage\",\"url\":\"https:\/\/old.mestro.com\/wp-content\/uploads\/2022\/12\/IMD-KRAV.png\",\"contentUrl\":\"https:\/\/old.mestro.com\/wp-content\/uploads\/2022\/12\/IMD-KRAV.png\",\"width\":1920,\"height\":1080},{\"@type\":\"BreadcrumbList\",\"@id\":\"https:\/\/old.mestro.com\/sv\/artiklar\/imd-eller-energieffektiviserande-atgarder\/#breadcrumb\",\"itemListElement\":[{\"@type\":\"ListItem\",\"position\":1,\"name\":\"Hem\",\"item\":\"https:\/\/old.mestro.com\/sv\/\"},{\"@type\":\"ListItem\",\"position\":2,\"name\":\"IMD eller energieffektiviserande \u00e5tg\u00e4rder?\"}]},{\"@type\":\"WebSite\",\"@id\":\"https:\/\/old.mestro.com\/sv\/#website\",\"url\":\"https:\/\/old.mestro.com\/sv\/\",\"name\":\"Mestro\",\"description\":\"Automatiserad energiuppf\u00f6ljning\",\"publisher\":{\"@id\":\"https:\/\/old.mestro.com\/sv\/#organization\"},\"potentialAction\":[{\"@type\":\"SearchAction\",\"target\":{\"@type\":\"EntryPoint\",\"urlTemplate\":\"https:\/\/old.mestro.com\/sv\/?s={search_term_string}\"},\"query-input\":{\"@type\":\"PropertyValueSpecification\",\"valueRequired\":true,\"valueName\":\"search_term_string\"}}],\"inLanguage\":\"sv-SE\"},{\"@type\":\"Organization\",\"@id\":\"https:\/\/old.mestro.com\/sv\/#organization\",\"name\":\"Mestro\",\"url\":\"https:\/\/old.mestro.com\/sv\/\",\"logo\":{\"@type\":\"ImageObject\",\"inLanguage\":\"sv-SE\",\"@id\":\"https:\/\/old.mestro.com\/sv\/#\/schema\/logo\/image\/\",\"url\":\"https:\/\/mestro.com\/wp-content\/uploads\/2021\/02\/cropped-favicon.png\",\"contentUrl\":\"https:\/\/mestro.com\/wp-content\/uploads\/2021\/02\/cropped-favicon.png\",\"width\":512,\"height\":512,\"caption\":\"Mestro\"},\"image\":{\"@id\":\"https:\/\/old.mestro.com\/sv\/#\/schema\/logo\/image\/\"},\"sameAs\":[\"https:\/\/www.facebook.com\/spendlessenergy\",\"https:\/\/www.instagram.com\/lifeatmestro\/\",\"https:\/\/www.linkedin.com\/company\/mestro\",\"https:\/\/www.youtube.com\/channel\/UCfMpb7hUwvgwdUYzvntBSzg\"]},{\"@type\":\"Person\",\"@id\":\"https:\/\/old.mestro.com\/sv\/#\/schema\/person\/bd456442aff9767efb1513c38c371b0d\",\"name\":\"Axel Stenbom\",\"image\":{\"@type\":\"ImageObject\",\"inLanguage\":\"sv-SE\",\"@id\":\"https:\/\/old.mestro.com\/sv\/#\/schema\/person\/image\/\",\"url\":\"https:\/\/secure.gravatar.com\/avatar\/ce805942405e3889fa609ea0f1e497b495ebf28cabdf35cac8fb25bd2f9caa1d?s=96&d=mm&r=g\",\"contentUrl\":\"https:\/\/secure.gravatar.com\/avatar\/ce805942405e3889fa609ea0f1e497b495ebf28cabdf35cac8fb25bd2f9caa1d?s=96&d=mm&r=g\",\"caption\":\"Axel Stenbom\"}}]}<\/script>\n<!-- \/ Yoast SEO plugin. -->","yoast_head_json":{"title":"IMD eller energieffektiviserande \u00e5tg\u00e4rder? &#8226; Mestro","description":"Det finns ett antal krav p\u00e5 inf\u00f6rande av individuell m\u00e4tning och debitering i flerbostadshus. Vad \u00e4r det som g\u00e4ller och vilka \u00e4r undantagen?","robots":{"index":"index","follow":"follow","max-snippet":"max-snippet:-1","max-image-preview":"max-image-preview:large","max-video-preview":"max-video-preview:-1"},"canonical":"https:\/\/old.mestro.com\/sv\/artiklar\/imd-eller-energieffektiviserande-atgarder\/","og_locale":"sv_SE","og_type":"article","og_title":"IMD eller energieffektiviserande \u00e5tg\u00e4rder? &#8226; Mestro","og_description":"Det finns ett antal krav p\u00e5 inf\u00f6rande av individuell m\u00e4tning och debitering i flerbostadshus. Vad \u00e4r det som g\u00e4ller och vilka \u00e4r undantagen?","og_url":"https:\/\/old.mestro.com\/sv\/artiklar\/imd-eller-energieffektiviserande-atgarder\/","og_site_name":"Mestro","article_publisher":"https:\/\/www.facebook.com\/spendlessenergy","article_published_time":"2022-12-07T07:45:04+00:00","article_modified_time":"2022-12-07T15:10:15+00:00","og_image":[{"width":1024,"height":576,"url":"https:\/\/old.mestro.com\/wp-content\/uploads\/2022\/12\/IMD-KRAV-1024x576.png","type":"image\/png"}],"author":"Axel Stenbom","twitter_card":"summary_large_image","twitter_misc":{"Skriven av":"Axel Stenbom","Ber\u00e4knad l\u00e4stid":"5 minuter"},"schema":{"@context":"https:\/\/schema.org","@graph":[{"@type":"Article","@id":"https:\/\/old.mestro.com\/sv\/artiklar\/imd-eller-energieffektiviserande-atgarder\/#article","isPartOf":{"@id":"https:\/\/old.mestro.com\/sv\/artiklar\/imd-eller-energieffektiviserande-atgarder\/"},"author":{"name":"Axel Stenbom","@id":"https:\/\/old.mestro.com\/sv\/#\/schema\/person\/bd456442aff9767efb1513c38c371b0d"},"headline":"IMD eller energieffektiviserande \u00e5tg\u00e4rder?","datePublished":"2022-12-07T07:45:04+00:00","dateModified":"2022-12-07T15:10:15+00:00","mainEntityOfPage":{"@id":"https:\/\/old.mestro.com\/sv\/artiklar\/imd-eller-energieffektiviserande-atgarder\/"},"wordCount":1211,"publisher":{"@id":"https:\/\/old.mestro.com\/sv\/#organization"},"image":{"@id":"https:\/\/old.mestro.com\/sv\/artiklar\/imd-eller-energieffektiviserande-atgarder\/#primaryimage"},"thumbnailUrl":"https:\/\/old.mestro.com\/wp-content\/uploads\/2022\/12\/IMD-KRAV.png","articleSection":["Artiklar"],"inLanguage":"sv-SE"},{"@type":"WebPage","@id":"https:\/\/old.mestro.com\/sv\/artiklar\/imd-eller-energieffektiviserande-atgarder\/","url":"https:\/\/old.mestro.com\/sv\/artiklar\/imd-eller-energieffektiviserande-atgarder\/","name":"IMD eller energieffektiviserande \u00e5tg\u00e4rder? &#8226; Mestro","isPartOf":{"@id":"https:\/\/old.mestro.com\/sv\/#website"},"primaryImageOfPage":{"@id":"https:\/\/old.mestro.com\/sv\/artiklar\/imd-eller-energieffektiviserande-atgarder\/#primaryimage"},"image":{"@id":"https:\/\/old.mestro.com\/sv\/artiklar\/imd-eller-energieffektiviserande-atgarder\/#primaryimage"},"thumbnailUrl":"https:\/\/old.mestro.com\/wp-content\/uploads\/2022\/12\/IMD-KRAV.png","datePublished":"2022-12-07T07:45:04+00:00","dateModified":"2022-12-07T15:10:15+00:00","description":"Det finns ett antal krav p\u00e5 inf\u00f6rande av individuell m\u00e4tning och debitering i flerbostadshus. Vad \u00e4r det som g\u00e4ller och vilka \u00e4r undantagen?","breadcrumb":{"@id":"https:\/\/old.mestro.com\/sv\/artiklar\/imd-eller-energieffektiviserande-atgarder\/#breadcrumb"},"inLanguage":"sv-SE","potentialAction":[{"@type":"ReadAction","target":["https:\/\/old.mestro.com\/sv\/artiklar\/imd-eller-energieffektiviserande-atgarder\/"]}]},{"@type":"ImageObject","inLanguage":"sv-SE","@id":"https:\/\/old.mestro.com\/sv\/artiklar\/imd-eller-energieffektiviserande-atgarder\/#primaryimage","url":"https:\/\/old.mestro.com\/wp-content\/uploads\/2022\/12\/IMD-KRAV.png","contentUrl":"https:\/\/old.mestro.com\/wp-content\/uploads\/2022\/12\/IMD-KRAV.png","width":1920,"height":1080},{"@type":"BreadcrumbList","@id":"https:\/\/old.mestro.com\/sv\/artiklar\/imd-eller-energieffektiviserande-atgarder\/#breadcrumb","itemListElement":[{"@type":"ListItem","position":1,"name":"Hem","item":"https:\/\/old.mestro.com\/sv\/"},{"@type":"ListItem","position":2,"name":"IMD eller energieffektiviserande \u00e5tg\u00e4rder?"}]},{"@type":"WebSite","@id":"https:\/\/old.mestro.com\/sv\/#website","url":"https:\/\/old.mestro.com\/sv\/","name":"Mestro","description":"Automatiserad energiuppf\u00f6ljning","publisher":{"@id":"https:\/\/old.mestro.com\/sv\/#organization"},"potentialAction":[{"@type":"SearchAction","target":{"@type":"EntryPoint","urlTemplate":"https:\/\/old.mestro.com\/sv\/?s={search_term_string}"},"query-input":{"@type":"PropertyValueSpecification","valueRequired":true,"valueName":"search_term_string"}}],"inLanguage":"sv-SE"},{"@type":"Organization","@id":"https:\/\/old.mestro.com\/sv\/#organization","name":"Mestro","url":"https:\/\/old.mestro.com\/sv\/","logo":{"@type":"ImageObject","inLanguage":"sv-SE","@id":"https:\/\/old.mestro.com\/sv\/#\/schema\/logo\/image\/","url":"https:\/\/mestro.com\/wp-content\/uploads\/2021\/02\/cropped-favicon.png","contentUrl":"https:\/\/mestro.com\/wp-content\/uploads\/2021\/02\/cropped-favicon.png","width":512,"height":512,"caption":"Mestro"},"image":{"@id":"https:\/\/old.mestro.com\/sv\/#\/schema\/logo\/image\/"},"sameAs":["https:\/\/www.facebook.com\/spendlessenergy","https:\/\/www.instagram.com\/lifeatmestro\/","https:\/\/www.linkedin.com\/company\/mestro","https:\/\/www.youtube.com\/channel\/UCfMpb7hUwvgwdUYzvntBSzg"]},{"@type":"Person","@id":"https:\/\/old.mestro.com\/sv\/#\/schema\/person\/bd456442aff9767efb1513c38c371b0d","name":"Axel Stenbom","image":{"@type":"ImageObject","inLanguage":"sv-SE","@id":"https:\/\/old.mestro.com\/sv\/#\/schema\/person\/image\/","url":"https:\/\/secure.gravatar.com\/avatar\/ce805942405e3889fa609ea0f1e497b495ebf28cabdf35cac8fb25bd2f9caa1d?s=96&d=mm&r=g","contentUrl":"https:\/\/secure.gravatar.com\/avatar\/ce805942405e3889fa609ea0f1e497b495ebf28cabdf35cac8fb25bd2f9caa1d?s=96&d=mm&r=g","caption":"Axel Stenbom"}}]}},"_links":{"self":[{"href":"https:\/\/old.mestro.com\/sv\/wp-json\/wp\/v2\/posts\/9493","targetHints":{"allow":["GET"]}}],"collection":[{"href":"https:\/\/old.mestro.com\/sv\/wp-json\/wp\/v2\/posts"}],"about":[{"href":"https:\/\/old.mestro.com\/sv\/wp-json\/wp\/v2\/types\/post"}],"author":[{"embeddable":true,"href":"https:\/\/old.mestro.com\/sv\/wp-json\/wp\/v2\/users\/5"}],"replies":[{"embeddable":true,"href":"https:\/\/old.mestro.com\/sv\/wp-json\/wp\/v2\/comments?post=9493"}],"version-history":[{"count":6,"href":"https:\/\/old.mestro.com\/sv\/wp-json\/wp\/v2\/posts\/9493\/revisions"}],"predecessor-version":[{"id":9512,"href":"https:\/\/old.mestro.com\/sv\/wp-json\/wp\/v2\/posts\/9493\/revisions\/9512"}],"wp:featuredmedia":[{"embeddable":true,"href":"https:\/\/old.mestro.com\/sv\/wp-json\/wp\/v2\/media\/9494"}],"wp:attachment":[{"href":"https:\/\/old.mestro.com\/sv\/wp-json\/wp\/v2\/media?parent=9493"}],"wp:term":[{"taxonomy":"category","embeddable":true,"href":"https:\/\/old.mestro.com\/sv\/wp-json\/wp\/v2\/categories?post=9493"},{"taxonomy":"post_tag","embeddable":true,"href":"https:\/\/old.mestro.com\/sv\/wp-json\/wp\/v2\/tags?post=9493"}],"curies":[{"name":"wp","href":"https:\/\/api.w.org\/{rel}","templated":true}]}}